{"id":14843,"date":"2025-02-03T12:07:51","date_gmt":"2025-02-03T09:07:51","guid":{"rendered":"https:\/\/www.egemtv.com\/?p=14843"},"modified":"2025-02-03T12:07:55","modified_gmt":"2025-02-03T09:07:55","slug":"canakkaledeki-cinayetin-zanlilari-manisada-yakalandi","status":"publish","type":"post","link":"https:\/\/www.egemtv.com\/?p=14843","title":{"rendered":"\u00c7anakkale\u2019deki cinayetin zanl\u0131lar\u0131 Manisa\u2019da yakaland\u0131"},"content":{"rendered":"<p>\u00c7anakkale\u2019nin Lapseki il\u00e7esinde 2 \u015eubat g\u00fcn\u00fc pompal\u0131 t\u00fcfekle bir ki\u015finin \u00f6ld\u00fcr\u00fclmesi olay\u0131n\u0131n zanl\u0131lar\u0131 Manisa Turgutlu Karayolunda B\u00f6lge Trafik Denetleme \u015eube M\u00fcd\u00fcrl\u00fc\u011f\u00fc ekipleri taraf\u0131ndan yakla\u015f\u0131k 4 bu\u00e7uk saat sonra su\u00e7 aletiyle birlikte yakalanarak \u00c7anakkale\u2019ye teslim edildi.<br \/>\n<br \/>Manisa \u0130l Emniyet M\u00fcd\u00fcrl\u00fc\u011f\u00fc, B\u00f6lge Trafik Denetleme \u015eube M\u00fcd\u00fcrl\u00fc\u011f\u00fc ekiplerine; 2 \u015eubat Pazar ak\u015fam\u0131 20.45 s\u0131ralar\u0131nda \u00c7anakkale\u2019nin Lapseki il\u00e7esinde meydana gelen \u2019Ate\u015fli silah ile kasten \u00f6ld\u00fcrme\u2019 olay\u0131n\u0131n \u015f\u00fcphelilerimin plakas\u0131z bir ara\u00e7la Manisa\u2019dan ge\u00e7i\u015f yapabilece\u011fi bilgisi al\u0131nmas\u0131 \u00fczerine, bahse konu ara\u00e7 3 \u015eubat Pazartesi saat 01.30 s\u0131ralar\u0131nda Turgutlu yolu \u00c7obanisa mevkiinde denetim yapan ekiplerce durduruldu. Ara\u00e7 i\u00e7inde yap\u0131lan aramada bagaj k\u0131sm\u0131nda su\u00e7 aleti pompal\u0131 t\u00fcfekle birlikte K.\u00dc. (27), M.C.U. (22) ve \u0130.K. (19) isimli \u015fah\u0131slar yakaland\u0131.<br \/>\n<br \/>\u015e\u00fcpheli \u015fah\u0131slar ve su\u00e7 aleti \u00c7anakkale Asayi\u015f \u015eube M\u00fcd\u00fcrl\u00fc\u011f\u00fc g\u00f6revlilerine teslim edildi\u011fi bildirildi.<br \/><\/p>\n","protected":false},"excerpt":{"rendered":"<p>\u00c7anakkale\u2019nin Lapseki il\u00e7esinde 2 \u015eubat g\u00fcn\u00fc pompal\u0131 t\u00fcfekle bir ki\u015finin \u00f6ld\u00fcr\u00fclmesi olay\u0131n\u0131n zanl\u0131lar\u0131 Manisa Turgutlu Karayolunda B\u00f6lge Trafik Denetleme \u015eube M\u00fcd\u00fcrl\u00fc\u011f\u00fc ekipleri taraf\u0131ndan yakla\u015f\u0131k 4 bu\u00e7uk saat sonra su\u00e7 aletiyle birlikte yakalanarak \u00c7anakkale\u2019ye teslim edildi. Manisa \u0130l Emniyet M\u00fcd\u00fcrl\u00fc\u011f\u00fc, B\u00f6lge Trafik Denetleme \u015eube M\u00fcd\u00fcrl\u00fc\u011f\u00fc ekiplerine; 2 \u015eubat Pazar ak\u015fam\u0131 20.45 s\u0131ralar\u0131nda \u00c7anakkale\u2019nin Lapseki il\u00e7esinde meydana&#8230;<\/p>\n","protected":false},"author":1,"featured_media":14844,"comment_status":"open","ping_status":"open","sticky":false,"template":"","format":"standard","meta":{"_crdt_document":"","footnotes":""},"categories":[5],"tags":[],"class_list":["post-14843","post","type-post","status-publish","format-standard","has-post-thumbnail","hentry","category-asayis"],"_links":{"self":[{"href":"https:\/\/www.egemtv.com\/index.php?rest_route=\/wp\/v2\/posts\/14843","targetHints":{"allow":["GET"]}}],"collection":[{"href":"https:\/\/www.egemtv.com\/index.php?rest_route=\/wp\/v2\/posts"}],"about":[{"href":"https:\/\/www.egemtv.com\/index.php?rest_route=\/wp\/v2\/types\/post"}],"author":[{"embeddable":true,"href":"https:\/\/www.egemtv.com\/index.php?rest_route=\/wp\/v2\/users\/1"}],"replies":[{"embeddable":true,"href":"https:\/\/www.egemtv.com\/index.php?rest_route=%2Fwp%2Fv2%2Fcomments&post=14843"}],"version-history":[{"count":1,"href":"https:\/\/www.egemtv.com\/index.php?rest_route=\/wp\/v2\/posts\/14843\/revisions"}],"predecessor-version":[{"id":14845,"href":"https:\/\/www.egemtv.com\/index.php?rest_route=\/wp\/v2\/posts\/14843\/revisions\/14845"}],"wp:featuredmedia":[{"embeddable":true,"href":"https:\/\/www.egemtv.com\/index.php?rest_route=\/wp\/v2\/media\/14844"}],"wp:attachment":[{"href":"https:\/\/www.egemtv.com\/index.php?rest_route=%2Fwp%2Fv2%2Fmedia&parent=14843"}],"wp:term":[{"taxonomy":"category","embeddable":true,"href":"https:\/\/www.egemtv.com\/index.php?rest_route=%2Fwp%2Fv2%2Fcategories&post=14843"},{"taxonomy":"post_tag","embeddable":true,"href":"https:\/\/www.egemtv.com\/index.php?rest_route=%2Fwp%2Fv2%2Ftags&post=14843"}],"curies":[{"name":"wp","href":"https:\/\/api.w.org\/{rel}","templated":true}]}}