{"id":14813,"date":"2025-02-03T11:26:03","date_gmt":"2025-02-03T08:26:03","guid":{"rendered":"https:\/\/www.egemtv.com\/?p=14813"},"modified":"2025-02-03T11:26:08","modified_gmt":"2025-02-03T08:26:08","slug":"kutahya-antika-pazari-iki-yasinda","status":"publish","type":"post","link":"https:\/\/www.egemtv.com\/?p=14813","title":{"rendered":"K\u00fctahya Antika Pazar\u0131 iki ya\u015f\u0131nda"},"content":{"rendered":"<p>K\u00fctahya Antikac\u0131lar Derne\u011fi Ba\u015fkan\u0131 Adem Akg\u00fcn, K\u00fctahya Antika Pazar\u0131\u2019n\u0131n ikinci kurulu\u015f y\u0131l d\u00f6n\u00fcm\u00fcn\u00fc kutlad\u0131klar\u0131n\u0131 belirterek, &#8220;Pazarda hem esnaf\u0131n hem de vatanda\u015flar\u0131n g\u00f6sterdi\u011fi yo\u011fun ilgiden memnunuz&#8221; dedi.<br \/>\n<br \/>Akg\u00fcn, yapt\u0131\u011f\u0131 a\u00e7\u0131klamada, &#8220;K\u00fctahya Antika Pazar\u0131 \u015fu anda a\u00e7\u0131lal\u0131 tam 2 y\u0131l oldu. Ayn\u0131 zamanda \u00e7ar\u015f\u0131 merkezine ta\u015f\u0131d\u0131\u011f\u0131m\u0131z cuma pazar\u0131 da 2\u2019inci ay\u0131n\u0131 doldurdu. Buras\u0131 bize \u00e7ok b\u00fcy\u00fck avantajlar sa\u011flad\u0131. Esnaf say\u0131m\u0131z artt\u0131, vatanda\u015f\u0131n ilgisi ise Per\u015fembe Pazar\u0131\u2019na g\u00f6re iki kat\u0131na \u00e7\u0131kt\u0131. En b\u00fcy\u00fck hayalimiz, burada esnaf\u0131n da kazanmas\u0131yd\u0131 ve bunu ba\u015fard\u0131k. \u00c7evrede 300 esnaf\u0131m\u0131z var, hepsi bu pazardan kazan\u00e7 sa\u011fl\u0131yor&#8221; dedi.<br \/>\n<br \/>K\u00fctahya\u2019n\u0131n T\u00fcrkiye genelinde art\u0131k bir marka haline geldi\u011fini vurgulayan Akg\u00fcn, &#8220;Ege B\u00f6lgesi\u2019nin en b\u00fcy\u00fck antika pazar\u0131 \u015fu anda K\u00fctahya\u2019da. Her ay\u0131n d\u00f6rd\u00fcnc\u00fc haftas\u0131 K\u00fctahya Antika Pazar\u0131\u2019na t\u00fcm antika severleri bekliyoruz. Kat\u0131l\u0131mc\u0131lar\u0131m\u0131z\u0131n y\u00fczde 80-90\u2019\u0131 \u015fehir d\u0131\u015f\u0131ndan geliyor, K\u00fctahya esnaf\u0131m\u0131z ise y\u00fczde 10-15 civar\u0131nda temsil ediliyor. Bu da pazar\u0131m\u0131z\u0131n T\u00fcrkiye genelinde ne kadar ilgi g\u00f6rd\u00fc\u011f\u00fcn\u00fcn bir g\u00f6stergesi&#8221; diye konu\u015ftu.<br \/>\n<br \/>Akg\u00fcn ayr\u0131ca, pazara verdikleri destek nedeniyle K\u00fctahya Belediye Ba\u015fkan\u0131 Ey\u00fcp Kahveci\u2019ye te\u015fekk\u00fcr ederek, &#8220;Bize bu imkan\u0131 sa\u011flad\u0131\u011f\u0131 i\u00e7in Belediye Ba\u015fkan\u0131m\u0131z Ey\u00fcp Kahveci Bey\u2019e minnettar\u0131z. Halk\u0131m\u0131z da esnaf\u0131m\u0131z da memnun. \u0130n\u015fallah daha da iyilere ula\u015faca\u011f\u0131z&#8221; ifadelerini kulland\u0131.<br \/>\n<br \/>K\u00fctahya Antika Pazar\u0131, her ay\u0131n d\u00f6rd\u00fcnc\u00fc haftas\u0131nda kap\u0131lar\u0131n\u0131 antika tutkunlar\u0131na a\u00e7arak hem \u015fehrin k\u00fclt\u00fcrel dokusuna katk\u0131 sa\u011fl\u0131yor hem de b\u00f6lge esnaf\u0131na ekonomik destek oluyor.<br \/><\/p>\n","protected":false},"excerpt":{"rendered":"<p>K\u00fctahya Antikac\u0131lar Derne\u011fi Ba\u015fkan\u0131 Adem Akg\u00fcn, K\u00fctahya Antika Pazar\u0131\u2019n\u0131n ikinci kurulu\u015f y\u0131l d\u00f6n\u00fcm\u00fcn\u00fc kutlad\u0131klar\u0131n\u0131 belirterek, &#8220;Pazarda hem esnaf\u0131n hem de vatanda\u015flar\u0131n g\u00f6sterdi\u011fi yo\u011fun ilgiden memnunuz&#8221; dedi. Akg\u00fcn, yapt\u0131\u011f\u0131 a\u00e7\u0131klamada, &#8220;K\u00fctahya Antika Pazar\u0131 \u015fu anda a\u00e7\u0131lal\u0131 tam 2 y\u0131l oldu. Ayn\u0131 zamanda \u00e7ar\u015f\u0131 merkezine ta\u015f\u0131d\u0131\u011f\u0131m\u0131z cuma pazar\u0131 da 2\u2019inci ay\u0131n\u0131 doldurdu. Buras\u0131 bize \u00e7ok b\u00fcy\u00fck avantajlar&#8230;<\/p>\n","protected":false},"author":1,"featured_media":14814,"comment_status":"open","ping_status":"open","sticky":false,"template":"","format":"standard","meta":{"_crdt_document":"","footnotes":""},"categories":[123],"tags":[],"class_list":["post-14813","post","type-post","status-publish","format-standard","has-post-thumbnail","hentry","category-gundem"],"_links":{"self":[{"href":"https:\/\/www.egemtv.com\/index.php?rest_route=\/wp\/v2\/posts\/14813","targetHints":{"allow":["GET"]}}],"collection":[{"href":"https:\/\/www.egemtv.com\/index.php?rest_route=\/wp\/v2\/posts"}],"about":[{"href":"https:\/\/www.egemtv.com\/index.php?rest_route=\/wp\/v2\/types\/post"}],"author":[{"embeddable":true,"href":"https:\/\/www.egemtv.com\/index.php?rest_route=\/wp\/v2\/users\/1"}],"replies":[{"embeddable":true,"href":"https:\/\/www.egemtv.com\/index.php?rest_route=%2Fwp%2Fv2%2Fcomments&post=14813"}],"version-history":[{"count":1,"href":"https:\/\/www.egemtv.com\/index.php?rest_route=\/wp\/v2\/posts\/14813\/revisions"}],"predecessor-version":[{"id":14815,"href":"https:\/\/www.egemtv.com\/index.php?rest_route=\/wp\/v2\/posts\/14813\/revisions\/14815"}],"wp:featuredmedia":[{"embeddable":true,"href":"https:\/\/www.egemtv.com\/index.php?rest_route=\/wp\/v2\/media\/14814"}],"wp:attachment":[{"href":"https:\/\/www.egemtv.com\/index.php?rest_route=%2Fwp%2Fv2%2Fmedia&parent=14813"}],"wp:term":[{"taxonomy":"category","embeddable":true,"href":"https:\/\/www.egemtv.com\/index.php?rest_route=%2Fwp%2Fv2%2Fcategories&post=14813"},{"taxonomy":"post_tag","embeddable":true,"href":"https:\/\/www.egemtv.com\/index.php?rest_route=%2Fwp%2Fv2%2Ftags&post=14813"}],"curies":[{"name":"wp","href":"https:\/\/api.w.org\/{rel}","templated":true}]}}