{"id":14810,"date":"2025-02-03T11:25:58","date_gmt":"2025-02-03T08:25:58","guid":{"rendered":"https:\/\/www.egemtv.com\/?p=14810"},"modified":"2025-02-03T11:26:03","modified_gmt":"2025-02-03T08:26:03","slug":"mudur-mustafa-yilmaz-yeni-basarilar-icin-hep-birlikte-calisacagiz","status":"publish","type":"post","link":"https:\/\/www.egemtv.com\/?p=14810","title":{"rendered":"M\u00fcd\u00fcr Mustafa Y\u0131lmaz: &#8220;Yeni ba\u015far\u0131lar i\u00e7in hep birlikte \u00e7al\u0131\u015faca\u011f\u0131z&#8221;"},"content":{"rendered":"<p>K\u00fctahya \u0130l Milli E\u011fitim M\u00fcd\u00fcr\u00fc Mustafa Y\u0131lmaz, 2024-2025 e\u011fitim-\u00f6\u011fretim y\u0131l\u0131 2. d\u00f6neminin ba\u015flamas\u0131 dolay\u0131s\u0131yla bir mesaj yay\u0131mlad\u0131.<\/p>\n<p>&#8220;Bu yeni d\u00f6neme \u015f\u00fck\u00fcr ve tevekk\u00fclle ba\u015fl\u0131yoruz&#8221;<br \/>\n<br \/>Yeni d\u00f6neme ba\u015flaman\u0131n heyecan\u0131n\u0131 ya\u015fad\u0131klar\u0131n\u0131 belirten \u0130l Milli E\u011fitim M\u00fcd\u00fcr\u00fc Y\u0131lmaz, &#8220;2024-2025 E\u011fitim-\u00d6\u011fretim Y\u0131l\u0131\u2019n\u0131n ikinci d\u00f6nemine ba\u015flaman\u0131n mutlulu\u011fu i\u00e7erisindeyiz. Bu vesileyle, K\u00fctahya \u0130l Milli E\u011fitim M\u00fcd\u00fcr\u00fc olarak g\u00f6reve ba\u015flam\u0131\u015f olman\u0131n gururunu ta\u015f\u0131yor ve sizlerle birlikte bu yeni d\u00f6neme ad\u0131m atmaktan b\u00fcy\u00fck bir \u015f\u00fck\u00fcr ve tevekk\u00fcl duygusuyla hareket ediyorum. Rabbimize bizlere bu kutsal g\u00f6revi nasip etti\u011fi i\u00e7in hamd ediyorum&#8221; ifadelerini kulland\u0131.<br \/>\n<br \/>Yo\u011fun bir ilk d\u00f6nemi geride b\u0131rakt\u0131klar\u0131n\u0131 hat\u0131rlatan Y\u0131lmaz, yeni hedeflere do\u011fru ilerlemenin \u00f6nemine de\u011finerek, &#8220;Bug\u00fcn hepimiz i\u00e7in yeni bir ba\u015flang\u0131c\u0131n kap\u0131s\u0131n\u0131 aral\u0131yoruz. \u2018E\u011fitimdir ki bir milleti ya \u00f6zg\u00fcr, ba\u011f\u0131ms\u0131z, \u015fanl\u0131, y\u00fcksek bir toplum halinde ya\u015fat\u0131r ya da esaret ve sefalete s\u00fcr\u00fckler\u2019 s\u00f6z\u00fcnden ilham alarak, K\u00fctahya\u2019da her bir \u00f6\u011frencimizin en iyi \u015fekilde yeti\u015fmesi i\u00e7in var g\u00fcc\u00fcm\u00fczle \u00e7al\u0131\u015f\u0131yoruz. \u00d6\u011fretmenlerimizin fedak\u00e2r gayretleri, velilerimizin deste\u011fi ve \u00f6\u011frencilerimizin azmiyle birlikte daha g\u00fc\u00e7l\u00fc ve ba\u015far\u0131l\u0131 bir d\u00f6nem ge\u00e7irece\u011fimize inan\u0131yorum&#8221; dedi.<\/p>\n<p>&#8220;Azminiz ve gayretiniz en b\u00fcy\u00fck sermayenizdir&#8221;<br \/>\n<br \/>\u00d6\u011frencilere hitap eden Y\u0131lmaz, bilgiye ula\u015fma yolunda azmin \u00f6nemine vurgu yaparak, &#8220;Bilgiye ve ba\u015far\u0131ya giden yolda en b\u00fcy\u00fck sermayeniz azminiz ve gayretinizdir. Allah\u2019\u0131n bizlere bah\u015fetti\u011fi ak\u0131l ve iradeyi en g\u00fczel \u015fekilde kullanarak ilim yolunda ilerlemek hepimizin vazifesidir. Peygamber Efendimiz\u2019in (SAV) \u2018\u0130lim talep etmek her M\u00fcsl\u00fcman\u2019a farzd\u0131r\u2019 hadis-i \u015ferifini kendimize rehber edinerek, her g\u00fcn yeni bir \u015fey \u00f6\u011frenmeye, kendimizi geli\u015ftirmeye ve hay\u0131rl\u0131 bir nesil yeti\u015ftirmek i\u00e7in azimle \u00e7al\u0131\u015fmaya devam edelim&#8221; ifadelerini kulland\u0131.<\/p>\n<p>&#8220;E\u011fitim akl\u0131 ve kalbi in\u015fa eden bir s\u00fcre\u00e7tir&#8221;<br \/>\n<br \/>\u00d6\u011fretmenlere y\u00f6nelik mesaj\u0131nda, e\u011fitimin sadece bilgi aktar\u0131m\u0131 olmad\u0131\u011f\u0131n\u0131 belirten Y\u0131lmaz, &#8220;E\u011fitim, akl\u0131 in\u015fa etti\u011fi kadar kalbi de in\u015fa eden bir s\u00fcre\u00e7tir. Gelecek nesilleri ahlakl\u0131, vicdanl\u0131, vatan\u0131na ve milletine ba\u011fl\u0131 bireyler olarak yeti\u015ftirmek i\u00e7in g\u00f6sterdi\u011finiz fedak\u00e2rl\u0131klar her t\u00fcrl\u00fc takdirin \u00fczerindedir. Gayretlerinizin bereketli ve hay\u0131rl\u0131 olmas\u0131n\u0131 diliyorum&#8221; dedi.<\/p>\n<p>&#8220;Evlatlar\u0131m\u0131z Allah\u2019\u0131n emanetleridir&#8221;<br \/>\n<br \/>Velilere de seslenen Y\u0131lmaz, ailelerin \u00e7ocuklar\u0131n e\u011fitim s\u00fcrecindeki \u00f6nemine dikkat \u00e7ekerek, &#8220;Evlatlar\u0131m\u0131z bizlere Allah\u2019\u0131n emanetleridir. Onlar\u0131n akademik ba\u015far\u0131s\u0131n\u0131n yan\u0131 s\u0131ra manevi de\u011ferlerle de yeti\u015fmesi, sa\u011flam karakterli bireyler olarak topluma kazand\u0131r\u0131lmas\u0131 hepimizin ortak sorumlulu\u011fudur. Bu kutlu yolda sizlerin deste\u011fi ve i\u015f birli\u011fi bizler i\u00e7in \u00e7ok k\u0131ymetlidir. Rabbim birlik ve beraberli\u011fimizi daim eylesin&#8221; \u015feklinde konu\u015ftu.<br \/>\n<br \/>Son olarak, 2024-2025 e\u011fitim-\u00f6\u011fretim y\u0131l\u0131n\u0131n ikinci d\u00f6neminin t\u00fcm e\u011fitim camias\u0131na hay\u0131rl\u0131 olmas\u0131n\u0131 dileyen \u0130l Milli E\u011fitim M\u00fcd\u00fcr\u00fc Mustafa Y\u0131lmaz, &#8220;Hep birlikte ba\u015far\u0131 dolu, verimli ve anlaml\u0131 bir d\u00f6nem ge\u00e7irmek temennisiyle, Rabbimden bizleri ilimle, hikmetle ve hay\u0131rla ku\u015fatmas\u0131n\u0131 niyaz ediyorum&#8221; diyerek s\u00f6zlerini tamamlad\u0131.<br \/><\/p>\n","protected":false},"excerpt":{"rendered":"<p>K\u00fctahya \u0130l Milli E\u011fitim M\u00fcd\u00fcr\u00fc Mustafa Y\u0131lmaz, 2024-2025 e\u011fitim-\u00f6\u011fretim y\u0131l\u0131 2. d\u00f6neminin ba\u015flamas\u0131 dolay\u0131s\u0131yla bir mesaj yay\u0131mlad\u0131. &#8220;Bu yeni d\u00f6neme \u015f\u00fck\u00fcr ve tevekk\u00fclle ba\u015fl\u0131yoruz&#8221; Yeni d\u00f6neme ba\u015flaman\u0131n heyecan\u0131n\u0131 ya\u015fad\u0131klar\u0131n\u0131 belirten \u0130l Milli E\u011fitim M\u00fcd\u00fcr\u00fc Y\u0131lmaz, &#8220;2024-2025 E\u011fitim-\u00d6\u011fretim Y\u0131l\u0131\u2019n\u0131n ikinci d\u00f6nemine ba\u015flaman\u0131n mutlulu\u011fu i\u00e7erisindeyiz. Bu vesileyle, K\u00fctahya \u0130l Milli E\u011fitim M\u00fcd\u00fcr\u00fc olarak g\u00f6reve ba\u015flam\u0131\u015f olman\u0131n gururunu&#8230;<\/p>\n","protected":false},"author":1,"featured_media":14811,"comment_status":"open","ping_status":"open","sticky":false,"template":"","format":"standard","meta":{"_crdt_document":"","footnotes":""},"categories":[1],"tags":[],"class_list":["post-14810","post","type-post","status-publish","format-standard","has-post-thumbnail","hentry","category-guncel"],"_links":{"self":[{"href":"https:\/\/www.egemtv.com\/index.php?rest_route=\/wp\/v2\/posts\/14810","targetHints":{"allow":["GET"]}}],"collection":[{"href":"https:\/\/www.egemtv.com\/index.php?rest_route=\/wp\/v2\/posts"}],"about":[{"href":"https:\/\/www.egemtv.com\/index.php?rest_route=\/wp\/v2\/types\/post"}],"author":[{"embeddable":true,"href":"https:\/\/www.egemtv.com\/index.php?rest_route=\/wp\/v2\/users\/1"}],"replies":[{"embeddable":true,"href":"https:\/\/www.egemtv.com\/index.php?rest_route=%2Fwp%2Fv2%2Fcomments&post=14810"}],"version-history":[{"count":1,"href":"https:\/\/www.egemtv.com\/index.php?rest_route=\/wp\/v2\/posts\/14810\/revisions"}],"predecessor-version":[{"id":14812,"href":"https:\/\/www.egemtv.com\/index.php?rest_route=\/wp\/v2\/posts\/14810\/revisions\/14812"}],"wp:featuredmedia":[{"embeddable":true,"href":"https:\/\/www.egemtv.com\/index.php?rest_route=\/wp\/v2\/media\/14811"}],"wp:attachment":[{"href":"https:\/\/www.egemtv.com\/index.php?rest_route=%2Fwp%2Fv2%2Fmedia&parent=14810"}],"wp:term":[{"taxonomy":"category","embeddable":true,"href":"https:\/\/www.egemtv.com\/index.php?rest_route=%2Fwp%2Fv2%2Fcategories&post=14810"},{"taxonomy":"post_tag","embeddable":true,"href":"https:\/\/www.egemtv.com\/index.php?rest_route=%2Fwp%2Fv2%2Ftags&post=14810"}],"curies":[{"name":"wp","href":"https:\/\/api.w.org\/{rel}","templated":true}]}}