{"id":14807,"date":"2025-02-03T11:16:32","date_gmt":"2025-02-03T08:16:32","guid":{"rendered":"https:\/\/www.egemtv.com\/?p=14807"},"modified":"2025-02-03T11:16:35","modified_gmt":"2025-02-03T08:16:35","slug":"sporun-ve-egitimin-ustasi-nurullah-kayadelene-duygusal-veda","status":"publish","type":"post","link":"https:\/\/www.egemtv.com\/?p=14807","title":{"rendered":"Sporun ve e\u011fitimin ustas\u0131 Nurullah Kayadelen\u2019e duygusal veda"},"content":{"rendered":"<p>Kula\u2019da e\u011fitim camias\u0131n\u0131n sevilen isimlerinden biri olan Yunus Emre Anadolu Lisesi Beden E\u011fitimi \u00d6\u011fretmeni Nurullah Kayadelen, 43 y\u0131l 8 ayl\u0131k hizmet s\u00fcresini doldurmas\u0131n\u0131n ard\u0131ndan emekliye ayr\u0131ld\u0131. 2024-2025 e\u011fitim-\u00f6\u011fretim y\u0131l\u0131n\u0131n ikinci d\u00f6neminin ilk g\u00fcn\u00fcnde son kez bayrak t\u00f6renine kat\u0131lan Kayadelen, \u00f6\u011frenci ve meslekta\u015flar\u0131n\u0131n g\u00f6zya\u015flar\u0131 aras\u0131nda meslek hayat\u0131n\u0131 noktalad\u0131.<br \/>\n<br \/>Kula\u2019n\u0131n k\u00f6kl\u00fc ailelerinden birine mensup olan ve il\u00e7ede b\u00fcy\u00fck bir sevgiyle an\u0131lan Nurullah Kayadelen, uzun y\u0131llar boyunca binlerce \u00f6\u011frencinin beden e\u011fitimi ve spor al\u0131\u015fkanl\u0131klar\u0131n\u0131 kazanmas\u0131nda \u00f6nemli bir rol oynad\u0131. Meslek hayat\u0131 boyunca sadece bir \u00f6\u011fretmen de\u011fil, ayn\u0131 zamanda \u00f6\u011frencilerine rehberlik eden bir a\u011fabey, bir dost ve bir ilham kayna\u011f\u0131 da olan Kayadelen, bir\u00e7ok bran\u015fta sporcu da yeti\u015ftirdi. Meslek hayat\u0131n\u0131n son g\u00fcn\u00fcnde son kez bayrak t\u00f6renine kat\u0131l\u0131p son kez \u00f6\u011frencilerine komut veren Kayadelen,  \u00f6\u011frenci ve meslekta\u015flar\u0131n\u0131n g\u00f6zya\u015flar\u0131 aras\u0131nda meslek hayat\u0131n\u0131 noktalay\u0131p emekliye ayr\u0131ld\u0131.<br \/>\n<br \/>Kupalar ve ba\u015far\u0131larla dolu meslek hayat\u0131n\u0131 sonland\u0131ran Kayadelen i\u00e7in okul bah\u00e7esinde d\u00fczenlenen veda t\u00f6reninde duygusal anlar da ya\u015fand\u0131. Meslek hayat\u0131n\u0131n her bir an\u0131nda \u00e7al\u0131\u015fkan ve ba\u015far\u0131l\u0131 gen\u00e7 nesiller yeti\u015ftirmek i\u00e7in \u00e7aba g\u00f6sterdi\u011fini dile getiren Nurullah Kayadelen; &#8220;\u00d6\u011frencilerimle ge\u00e7irdi\u011fim her an, benim i\u00e7in b\u00fcy\u00fck bir gurur kayna\u011f\u0131 oldu. Beden e\u011fitimi derslerinin sadece spor yapmak de\u011fil, ayn\u0131 zamanda disiplin, dostluk ve ekip ruhunu \u00f6\u011fretmek oldu\u011funa inand\u0131m. Bug\u00fcn buradan ayr\u0131l\u0131rken, \u00f6\u011frencilerime ve meslekta\u015flar\u0131ma veda etmek \u00e7ok zor ama ayn\u0131 zamanda huzur verici.&#8221; s\u00f6zleriyle duygular\u0131n\u0131 ifade etti.<br \/>\n<br \/>Meslek hayat\u0131 boyunca sadece okul i\u00e7erisinde de\u011fil, il\u00e7ede d\u00fczenlenen pek \u00e7ok spor organizasyonunda da aktif rol alan Kayadelen, Kula\u2019n\u0131n spor bran\u015flar\u0131ndaki geli\u015fimine de b\u00fcy\u00fck katk\u0131larda bulundu. \u00d6\u011frencileriyle kazand\u0131\u011f\u0131 \u015fampiyonluklar, d\u00fczenledi\u011fi sportif etkinlikler ve onlar\u0131n hayat\u0131na katt\u0131\u011f\u0131 de\u011ferlerle haf\u0131zalarda unutulmaz bir yer edinen Kayadelen, meslek hayat\u0131 boyunca g\u00f6rev yapt\u0131\u011f\u0131 meslekta\u015flar\u0131na da te\u015fekk\u00fcr etti.<br \/>\n<br \/>T\u00f6rende konu\u015fan Yunus Emre Anadolu Lisesi M\u00fcd\u00fcr\u00fc Mustafa \u00d6zyaman ise, Kayadelen\u2019in okul i\u00e7in \u00e7ok de\u011ferli bir \u00f6\u011fretmen oldu\u011funu belirterek, &#8220;Nurullah hocam\u0131z, sadece \u00f6\u011frencilerine de\u011fil, hepimize \u00f6rnek oldu. Onun azmi, sevgisi ve fedak\u00e2rl\u0131\u011f\u0131 asla unutulmayacak. Kendisine sa\u011fl\u0131kl\u0131, mutlu ve huzurlu bir emeklilik diliyoruz,&#8221; dedi.<br \/><\/p>\n","protected":false},"excerpt":{"rendered":"<p>Kula\u2019da e\u011fitim camias\u0131n\u0131n sevilen isimlerinden biri olan Yunus Emre Anadolu Lisesi Beden E\u011fitimi \u00d6\u011fretmeni Nurullah Kayadelen, 43 y\u0131l 8 ayl\u0131k hizmet s\u00fcresini doldurmas\u0131n\u0131n ard\u0131ndan emekliye ayr\u0131ld\u0131. 2024-2025 e\u011fitim-\u00f6\u011fretim y\u0131l\u0131n\u0131n ikinci d\u00f6neminin ilk g\u00fcn\u00fcnde son kez bayrak t\u00f6renine kat\u0131lan Kayadelen, \u00f6\u011frenci ve meslekta\u015flar\u0131n\u0131n g\u00f6zya\u015flar\u0131 aras\u0131nda meslek hayat\u0131n\u0131 noktalad\u0131. Kula\u2019n\u0131n k\u00f6kl\u00fc ailelerinden birine mensup olan ve il\u00e7ede&#8230;<\/p>\n","protected":false},"author":1,"featured_media":14808,"comment_status":"open","ping_status":"open","sticky":false,"template":"","format":"standard","meta":{"_crdt_document":"","footnotes":""},"categories":[1],"tags":[],"class_list":["post-14807","post","type-post","status-publish","format-standard","has-post-thumbnail","hentry","category-guncel"],"_links":{"self":[{"href":"https:\/\/www.egemtv.com\/index.php?rest_route=\/wp\/v2\/posts\/14807","targetHints":{"allow":["GET"]}}],"collection":[{"href":"https:\/\/www.egemtv.com\/index.php?rest_route=\/wp\/v2\/posts"}],"about":[{"href":"https:\/\/www.egemtv.com\/index.php?rest_route=\/wp\/v2\/types\/post"}],"author":[{"embeddable":true,"href":"https:\/\/www.egemtv.com\/index.php?rest_route=\/wp\/v2\/users\/1"}],"replies":[{"embeddable":true,"href":"https:\/\/www.egemtv.com\/index.php?rest_route=%2Fwp%2Fv2%2Fcomments&post=14807"}],"version-history":[{"count":1,"href":"https:\/\/www.egemtv.com\/index.php?rest_route=\/wp\/v2\/posts\/14807\/revisions"}],"predecessor-version":[{"id":14809,"href":"https:\/\/www.egemtv.com\/index.php?rest_route=\/wp\/v2\/posts\/14807\/revisions\/14809"}],"wp:featuredmedia":[{"embeddable":true,"href":"https:\/\/www.egemtv.com\/index.php?rest_route=\/wp\/v2\/media\/14808"}],"wp:attachment":[{"href":"https:\/\/www.egemtv.com\/index.php?rest_route=%2Fwp%2Fv2%2Fmedia&parent=14807"}],"wp:term":[{"taxonomy":"category","embeddable":true,"href":"https:\/\/www.egemtv.com\/index.php?rest_route=%2Fwp%2Fv2%2Fcategories&post=14807"},{"taxonomy":"post_tag","embeddable":true,"href":"https:\/\/www.egemtv.com\/index.php?rest_route=%2Fwp%2Fv2%2Ftags&post=14807"}],"curies":[{"name":"wp","href":"https:\/\/api.w.org\/{rel}","templated":true}]}}