{"id":14780,"date":"2025-02-03T10:37:17","date_gmt":"2025-02-03T07:37:17","guid":{"rendered":"https:\/\/www.egemtv.com\/?p=14780"},"modified":"2025-02-03T10:37:22","modified_gmt":"2025-02-03T07:37:22","slug":"eunun-sakinlestirici-bebek-battaniyesi-bulusu-faydali-model-olarak-tescillendi","status":"publish","type":"post","link":"https:\/\/www.egemtv.com\/?p=14780","title":{"rendered":"E\u00dc\u2019n\u00fcn \u2019Sakinle\u015ftirici Bebek Battaniyesi\u2019 bulu\u015fu \u2019Faydal\u0131 Model\u2019 olarak tescillendi"},"content":{"rendered":"<p>Ege \u00dcniversitesi (E\u00dc) Hem\u015firelik Fak\u00fcltesi Halk Sa\u011fl\u0131\u011f\u0131 Hem\u015fireli\u011fi Anabilim Dal\u0131 \u00f6\u011fretim \u00fcyesi Do\u00e7. Dr. Renginar \u00d6zt\u00fcrk D\u00f6nmez ve emekli \u00f6\u011fretim \u00fcyesi Prof. Dr. Ayla Bay\u0131k Temel\u2019in birlikte geli\u015ftirdikleri &#8220;Bebekler \u0130\u00e7in D\u00f6rt Mevsim Kullan\u0131labilir Sakinle\u015ftirme Battaniyesi&#8221; ba\u015fl\u0131kl\u0131 bulu\u015f, T\u00fcrk Patent ve Marka Kurumu taraf\u0131ndan &#8220;Faydal\u0131 Model Tescili&#8221; ald\u0131. Geli\u015ftirilen battaniye bebeklerin; a\u011flama problemini azaltma, daha uzun s\u00fcre uyumas\u0131n\u0131 ve  kucakta rahat tutulmas\u0131n\u0131 sa\u011flama, v\u00fccut \u0131s\u0131s\u0131n\u0131 dengeleme ve g\u00fcven duygusunu art\u0131rmay\u0131 hedefliyor.<br \/>\n<br \/>Bulu\u015fu, T\u00fcrk Patent ve Marka Kurumu taraf\u0131ndan faydal\u0131 model olarak tescillenen Do\u00e7. Dr. Renginar \u00d6zt\u00fcrk D\u00f6nmez\u2019i tebrik eden Rekt\u00f6r Prof. Dr. Necdet Budak, &#8220;\u00dcniversitemiz akademisyenleri taraf\u0131ndan geli\u015ftirilen inovatif \u00fcr\u00fcnler patente d\u00f6n\u00fc\u015fmeye devam ediyor. Hem\u015firelik Fak\u00fcltesi \u00f6\u011fretim \u00fcyemiz Do\u00e7. Dr. Renginar \u00d6zt\u00fcrk D\u00f6nmez ve ekibi taraf\u0131ndan bebek bak\u0131m\u0131nda i\u015flevsellik sa\u011flayan sakinle\u015ftirici battaniye, faydal\u0131 model olarak tescillendi. Hocalar\u0131m\u0131z\u0131 tebrik ediyor, ba\u015far\u0131lar\u0131n\u0131n devam\u0131n\u0131 diliyorum&#8221; dedi.<br \/>\n<br \/>Bulu\u015fun amac\u0131n\u0131 anlatan Halk Sa\u011fl\u0131\u011f\u0131 Hem\u015fireli\u011fi Anabilim Dal\u0131 \u00f6\u011fretim \u00fcyesi Do\u00e7. Dr. Renginar \u00d6zt\u00fcrk D\u00f6nmez, &#8220;Bu bulu\u015f, temel olarak bebeklerin sakinle\u015fmesini sa\u011flamak veya a\u011flamas\u0131n\u0131 kontrol alt\u0131nda almak amac\u0131yla bebekleri sarmalamay\u0131 sa\u011flayan d\u00f6rt mevsim kullan\u0131labilen bir battaniye ile ilgilidir. \u00c7\u00fcnk\u00fc bebekler, anne rahminde yakla\u015f\u0131k 9 ay 10 g\u00fcn kadar s\u0131k\u0131\u015f\u0131k ve s\u0131cak bir ortamda ya\u015far.  Bu nedenle, bebekler d\u00fcnyaya geldikten sonra, bu ortam\u0131n devam etmesini ister. Bu ortam\u0131n devam ettirilmesi, bebeklerin d\u00fcnyaya uyum s\u00fcrecini kolayla\u015ft\u0131r\u0131r&#8221; dedi.<\/p>\n<p>&#8220;Bebeklerin ya\u015fama uyumunu kolayla\u015ft\u0131ran battaniye&#8221;<br \/>\n<br \/>Sakinle\u015ftirme battaniyesi hakk\u0131nda bilgi veren Do\u00e7. Dr. Renginar \u00d6zt\u00fcrk D\u00f6nmez, &#8220;Bebe\u011fin bacaklar\u0131n\u0131 rahat hareket edebilecek \u015fekilde i\u00e7ine alan ve bu sayede kal\u00e7aya bask\u0131 yap\u0131lmas\u0131n\u0131 \u00f6nleyen, torba bi\u00e7imindeki yap\u0131ya sahip, bebeklerde termoreg\u00fclasyonu d\u00fczenleyerek hipotermi riskini azaltan, d\u00f6rt mevsim kullan\u0131labilecek yap\u0131da bir bebek battaniyesi \u00fcretmeyi ama\u00e7lad\u0131k. Bebe\u011fin sakinle\u015fmesi, a\u011flamas\u0131n\u0131n kontrol edilmesi ve daha uzun s\u00fcre uyumas\u0131 i\u00e7in kollar\u0131n sarmalanmas\u0131 esast\u0131r. Bulu\u015fumuz; bir y\u00f6n\u00fc t\u00fcylendirilmi\u015f, di\u011fer y\u00f6n\u00fc p\u00fcr\u00fczs\u00fcz olan, iki y\u00f6nl\u00fc kullan\u0131ma sahip viskon bambu iplikten imal edilmi\u015f bir bebek battaniyesi \u00f6zelli\u011fi ta\u015f\u0131yor. Sa\u011f ve sol elini bask\u0131n olarak kullanan ki\u015filer i\u00e7in; battaniyenin her iki kanad\u0131 da u\u00e7lara do\u011fru daral\u0131yor. Bebe\u011fi kundakland\u0131\u011f\u0131nda rahats\u0131z etmeyecek, hafif kuma\u015ftan imal edilen, kuma\u015f kenarlar\u0131 diki\u015fsiz olan bir bebek battaniyesi tasarlad\u0131k&#8221; diye konu\u015ftu.<\/p>\n<p>&#8220;0-6 ay bebeklerde kullan\u0131labilir&#8221;<br \/>\n<br \/>Do\u00e7. Dr. D\u00f6nmez, &#8220;Bu bulu\u015f, bebek \u00fcr\u00fcnleri i\u00e7inde temel gere\u00e7lerden biridir. \u00dcr\u00fcn\u00fcn \u00fcretimi ve sanayile\u015fmesi kolayl\u0131kla m\u00fcmk\u00fcnd\u00fcr.  0-6 ay aras\u0131 bebe\u011fi olan t\u00fcm anne ve babalar taraf\u0131ndan tercih edilebilir. Battaniyemiz; \u00e7ocuk hastaneleri, do\u011fum evleri, kre\u015f ve yurtlarda da kullan\u0131labilir&#8221; diye konu\u015ftu.<br \/><\/p>\n","protected":false},"excerpt":{"rendered":"<p>Ege \u00dcniversitesi (E\u00dc) Hem\u015firelik Fak\u00fcltesi Halk Sa\u011fl\u0131\u011f\u0131 Hem\u015fireli\u011fi Anabilim Dal\u0131 \u00f6\u011fretim \u00fcyesi Do\u00e7. Dr. Renginar \u00d6zt\u00fcrk D\u00f6nmez ve emekli \u00f6\u011fretim \u00fcyesi Prof. Dr. Ayla Bay\u0131k Temel\u2019in birlikte geli\u015ftirdikleri &#8220;Bebekler \u0130\u00e7in D\u00f6rt Mevsim Kullan\u0131labilir Sakinle\u015ftirme Battaniyesi&#8221; ba\u015fl\u0131kl\u0131 bulu\u015f, T\u00fcrk Patent ve Marka Kurumu taraf\u0131ndan &#8220;Faydal\u0131 Model Tescili&#8221; ald\u0131. Geli\u015ftirilen battaniye bebeklerin; a\u011flama problemini azaltma, daha uzun&#8230;<\/p>\n","protected":false},"author":1,"featured_media":14781,"comment_status":"open","ping_status":"open","sticky":false,"template":"","format":"standard","meta":{"_crdt_document":"","footnotes":""},"categories":[1],"tags":[],"class_list":["post-14780","post","type-post","status-publish","format-standard","has-post-thumbnail","hentry","category-guncel"],"_links":{"self":[{"href":"https:\/\/www.egemtv.com\/index.php?rest_route=\/wp\/v2\/posts\/14780","targetHints":{"allow":["GET"]}}],"collection":[{"href":"https:\/\/www.egemtv.com\/index.php?rest_route=\/wp\/v2\/posts"}],"about":[{"href":"https:\/\/www.egemtv.com\/index.php?rest_route=\/wp\/v2\/types\/post"}],"author":[{"embeddable":true,"href":"https:\/\/www.egemtv.com\/index.php?rest_route=\/wp\/v2\/users\/1"}],"replies":[{"embeddable":true,"href":"https:\/\/www.egemtv.com\/index.php?rest_route=%2Fwp%2Fv2%2Fcomments&post=14780"}],"version-history":[{"count":1,"href":"https:\/\/www.egemtv.com\/index.php?rest_route=\/wp\/v2\/posts\/14780\/revisions"}],"predecessor-version":[{"id":14782,"href":"https:\/\/www.egemtv.com\/index.php?rest_route=\/wp\/v2\/posts\/14780\/revisions\/14782"}],"wp:featuredmedia":[{"embeddable":true,"href":"https:\/\/www.egemtv.com\/index.php?rest_route=\/wp\/v2\/media\/14781"}],"wp:attachment":[{"href":"https:\/\/www.egemtv.com\/index.php?rest_route=%2Fwp%2Fv2%2Fmedia&parent=14780"}],"wp:term":[{"taxonomy":"category","embeddable":true,"href":"https:\/\/www.egemtv.com\/index.php?rest_route=%2Fwp%2Fv2%2Fcategories&post=14780"},{"taxonomy":"post_tag","embeddable":true,"href":"https:\/\/www.egemtv.com\/index.php?rest_route=%2Fwp%2Fv2%2Ftags&post=14780"}],"curies":[{"name":"wp","href":"https:\/\/api.w.org\/{rel}","templated":true}]}}