{"id":14777,"date":"2025-02-03T10:37:12","date_gmt":"2025-02-03T07:37:12","guid":{"rendered":"https:\/\/www.egemtv.com\/?p=14777"},"modified":"2025-02-03T10:37:17","modified_gmt":"2025-02-03T07:37:17","slug":"ispartada-alev-alan-okul-servisindeki-2-ogrenci-son-anda-kurtarildi","status":"publish","type":"post","link":"https:\/\/www.egemtv.com\/?p=14777","title":{"rendered":"Isparta\u2019da alev alan okul servisindeki 2 \u00f6\u011frenci son anda kurtar\u0131ld\u0131"},"content":{"rendered":"<p>Isparta\u2019da seyir halindeki bir \u00f6\u011frenci servisi aniden alev ald\u0131. S\u00fcr\u00fcc\u00fcn\u00fcn h\u0131zl\u0131 m\u00fcdahalesi sayesinde i\u00e7eride bulunan iki \u00f6\u011frenci yara almadan kurtulurken, yang\u0131n itfaiye ekiplerince s\u00f6nd\u00fcr\u00fcld\u00fc.<br \/>\n<br \/>Olay, saat 08.00 s\u0131ralar\u0131nda \u015earkikaraa\u011fa\u00e7 il\u00e7esi Alc\u0131klar Mahallesi\u2019nde meydana geldi. Edinilen bilgilere g\u00f6re, S.S. \u015earkikaraa\u011fa\u00e7 \u015eehiri\u00e7i ve \u00c7evresi Karayolu Yolcu Ta\u015f\u0131ma Kooperatifi\u2019ne ait, \u0130smail \u00c7. idaresindeki 32 ABE 391 plakal\u0131 \u00f6\u011frenci servisi seyir halindeyken hen\u00fcz belirlenemeyen bir nedenle yanmaya ba\u015flad\u0131. Alevleri fark eden s\u00fcr\u00fcc\u00fc, arac\u0131 yol kenar\u0131na \u00e7ekerek i\u00e7inde bulunan iki \u00f6\u011frenciyi tahliye etti. \u0130hbar \u00fczerine olay yerine sevk edilen itfaiye ekipleri, k\u0131sa s\u00fcrede m\u00fcdahale ederek yang\u0131n\u0131 kontrol alt\u0131na ald\u0131. Olayda yaralanan olmazken, so\u011futma \u00e7al\u0131\u015fmalar\u0131 bir s\u00fcre devam etti. Yang\u0131n\u0131n \u00e7\u0131k\u0131\u015f nedeni ile ilgili inceleme ba\u015flat\u0131ld\u0131.<br \/><\/p>\n","protected":false},"excerpt":{"rendered":"<p>Isparta\u2019da seyir halindeki bir \u00f6\u011frenci servisi aniden alev ald\u0131. S\u00fcr\u00fcc\u00fcn\u00fcn h\u0131zl\u0131 m\u00fcdahalesi sayesinde i\u00e7eride bulunan iki \u00f6\u011frenci yara almadan kurtulurken, yang\u0131n itfaiye ekiplerince s\u00f6nd\u00fcr\u00fcld\u00fc. Olay, saat 08.00 s\u0131ralar\u0131nda \u015earkikaraa\u011fa\u00e7 il\u00e7esi Alc\u0131klar Mahallesi\u2019nde meydana geldi. Edinilen bilgilere g\u00f6re, S.S. \u015earkikaraa\u011fa\u00e7 \u015eehiri\u00e7i ve \u00c7evresi Karayolu Yolcu Ta\u015f\u0131ma Kooperatifi\u2019ne ait, \u0130smail \u00c7. idaresindeki 32 ABE 391 plakal\u0131 \u00f6\u011frenci&#8230;<\/p>\n","protected":false},"author":1,"featured_media":14778,"comment_status":"open","ping_status":"open","sticky":false,"template":"","format":"standard","meta":{"_crdt_document":"","footnotes":""},"categories":[5],"tags":[],"class_list":["post-14777","post","type-post","status-publish","format-standard","has-post-thumbnail","hentry","category-asayis"],"_links":{"self":[{"href":"https:\/\/www.egemtv.com\/index.php?rest_route=\/wp\/v2\/posts\/14777","targetHints":{"allow":["GET"]}}],"collection":[{"href":"https:\/\/www.egemtv.com\/index.php?rest_route=\/wp\/v2\/posts"}],"about":[{"href":"https:\/\/www.egemtv.com\/index.php?rest_route=\/wp\/v2\/types\/post"}],"author":[{"embeddable":true,"href":"https:\/\/www.egemtv.com\/index.php?rest_route=\/wp\/v2\/users\/1"}],"replies":[{"embeddable":true,"href":"https:\/\/www.egemtv.com\/index.php?rest_route=%2Fwp%2Fv2%2Fcomments&post=14777"}],"version-history":[{"count":1,"href":"https:\/\/www.egemtv.com\/index.php?rest_route=\/wp\/v2\/posts\/14777\/revisions"}],"predecessor-version":[{"id":14779,"href":"https:\/\/www.egemtv.com\/index.php?rest_route=\/wp\/v2\/posts\/14777\/revisions\/14779"}],"wp:featuredmedia":[{"embeddable":true,"href":"https:\/\/www.egemtv.com\/index.php?rest_route=\/wp\/v2\/media\/14778"}],"wp:attachment":[{"href":"https:\/\/www.egemtv.com\/index.php?rest_route=%2Fwp%2Fv2%2Fmedia&parent=14777"}],"wp:term":[{"taxonomy":"category","embeddable":true,"href":"https:\/\/www.egemtv.com\/index.php?rest_route=%2Fwp%2Fv2%2Fcategories&post=14777"},{"taxonomy":"post_tag","embeddable":true,"href":"https:\/\/www.egemtv.com\/index.php?rest_route=%2Fwp%2Fv2%2Ftags&post=14777"}],"curies":[{"name":"wp","href":"https:\/\/api.w.org\/{rel}","templated":true}]}}