{"id":14770,"date":"2025-02-03T10:28:27","date_gmt":"2025-02-03T07:28:27","guid":{"rendered":"https:\/\/www.egemtv.com\/?p=14770"},"modified":"2025-02-03T10:28:32","modified_gmt":"2025-02-03T07:28:32","slug":"burdurda-annesine-siddet-uygulayip-konyaya-kacti-operasyonla-yakalandi","status":"publish","type":"post","link":"https:\/\/www.egemtv.com\/?p=14770","title":{"rendered":"Burdur\u2019da annesine \u015fiddet uygulay\u0131p Konya\u2019ya ka\u00e7t\u0131, operasyonla yakaland\u0131"},"content":{"rendered":"<p>Burdur\u2019da annesini darbedip ka\u00e7an \u015fah\u0131s, Konya\u2019da jandarma ekipleri taraf\u0131ndan yakalanarak tutukland\u0131. Olayla ba\u011flant\u0131l\u0131 olarak, zanl\u0131ya yard\u0131m ve yatakl\u0131k edenlerin yan\u0131 s\u0131ra uyu\u015fturucu madde kulland\u0131\u011f\u0131 belirlenen 10 ki\u015fi hakk\u0131nda da i\u015flem yap\u0131ld\u0131.<br \/>\n<br \/>Olay, 23 Ocak Per\u015fembe g\u00fcn\u00fc Burdur\u2019un Bucak il\u00e7esine ba\u011fl\u0131 Alkaya k\u00f6y\u00fcnde meydana geldi. Edinilen bilgilere g\u00f6re, hakk\u0131nda \u00e7ok say\u0131da su\u00e7 kayd\u0131 bulunan H.G., annesini darbettikten sonra olay yerinden ka\u00e7t\u0131. H.G., kendisine yard\u0131m eden ve birlikte uyu\u015fturucu madde kulland\u0131\u011f\u0131 belirlenen ki\u015filerle birlikte Bucak\u2019tan Konya\u2019ya g\u00f6t\u00fcr\u00fcld\u00fc. Bucak \u0130l\u00e7e Jandarma Komutanl\u0131\u011f\u0131 ve Bucak Cumhuriyet Ba\u015fsavc\u0131l\u0131\u011f\u0131 taraf\u0131ndan y\u00fcr\u00fct\u00fclen \u00e7al\u0131\u015fmalar sonucunda H.G.\u2019nin Konya\u2019n\u0131n Bey\u015fehir il\u00e7esinde oldu\u011fu tespit edildi. Yap\u0131lan operasyonla yakalanan \u015fah\u0131s, g\u00f6zalt\u0131na al\u0131narak Bucak\u2019a getirildi. Olayla ba\u011flant\u0131l\u0131 olarak H.G.\u2019ye yard\u0131m yatakl\u0131k eden ve uyu\u015fturucu madde kulland\u0131\u011f\u0131 belirlenen 10 ki\u015fi hakk\u0131nda da i\u015flem yap\u0131ld\u0131. Bucak Cumhuriyet Ba\u015fsavc\u0131l\u0131\u011f\u0131 taraf\u0131ndan tutuklanma talebiyle mahkemeye sevk edilen H.G., \u00e7\u0131kar\u0131ld\u0131\u011f\u0131 mahkemece tutuklanarak cezaevine g\u00f6nderildi.<br \/><\/p>\n","protected":false},"excerpt":{"rendered":"<p>Burdur\u2019da annesini darbedip ka\u00e7an \u015fah\u0131s, Konya\u2019da jandarma ekipleri taraf\u0131ndan yakalanarak tutukland\u0131. Olayla ba\u011flant\u0131l\u0131 olarak, zanl\u0131ya yard\u0131m ve yatakl\u0131k edenlerin yan\u0131 s\u0131ra uyu\u015fturucu madde kulland\u0131\u011f\u0131 belirlenen 10 ki\u015fi hakk\u0131nda da i\u015flem yap\u0131ld\u0131. Olay, 23 Ocak Per\u015fembe g\u00fcn\u00fc Burdur\u2019un Bucak il\u00e7esine ba\u011fl\u0131 Alkaya k\u00f6y\u00fcnde meydana geldi. Edinilen bilgilere g\u00f6re, hakk\u0131nda \u00e7ok say\u0131da su\u00e7 kayd\u0131 bulunan H.G., annesini&#8230;<\/p>\n","protected":false},"author":1,"featured_media":14771,"comment_status":"open","ping_status":"open","sticky":false,"template":"","format":"standard","meta":{"_crdt_document":"","footnotes":""},"categories":[5],"tags":[],"class_list":["post-14770","post","type-post","status-publish","format-standard","has-post-thumbnail","hentry","category-asayis"],"_links":{"self":[{"href":"https:\/\/www.egemtv.com\/index.php?rest_route=\/wp\/v2\/posts\/14770","targetHints":{"allow":["GET"]}}],"collection":[{"href":"https:\/\/www.egemtv.com\/index.php?rest_route=\/wp\/v2\/posts"}],"about":[{"href":"https:\/\/www.egemtv.com\/index.php?rest_route=\/wp\/v2\/types\/post"}],"author":[{"embeddable":true,"href":"https:\/\/www.egemtv.com\/index.php?rest_route=\/wp\/v2\/users\/1"}],"replies":[{"embeddable":true,"href":"https:\/\/www.egemtv.com\/index.php?rest_route=%2Fwp%2Fv2%2Fcomments&post=14770"}],"version-history":[{"count":1,"href":"https:\/\/www.egemtv.com\/index.php?rest_route=\/wp\/v2\/posts\/14770\/revisions"}],"predecessor-version":[{"id":14775,"href":"https:\/\/www.egemtv.com\/index.php?rest_route=\/wp\/v2\/posts\/14770\/revisions\/14775"}],"wp:featuredmedia":[{"embeddable":true,"href":"https:\/\/www.egemtv.com\/index.php?rest_route=\/wp\/v2\/media\/14771"}],"wp:attachment":[{"href":"https:\/\/www.egemtv.com\/index.php?rest_route=%2Fwp%2Fv2%2Fmedia&parent=14770"}],"wp:term":[{"taxonomy":"category","embeddable":true,"href":"https:\/\/www.egemtv.com\/index.php?rest_route=%2Fwp%2Fv2%2Fcategories&post=14770"},{"taxonomy":"post_tag","embeddable":true,"href":"https:\/\/www.egemtv.com\/index.php?rest_route=%2Fwp%2Fv2%2Ftags&post=14770"}],"curies":[{"name":"wp","href":"https:\/\/api.w.org\/{rel}","templated":true}]}}