{"id":14764,"date":"2025-02-03T10:28:23","date_gmt":"2025-02-03T07:28:23","guid":{"rendered":"https:\/\/www.egemtv.com\/?p=14764"},"modified":"2025-02-03T10:28:27","modified_gmt":"2025-02-03T07:28:27","slug":"sisler-icindeki-mentese-kartpostallik-goruntuler-sundu","status":"publish","type":"post","link":"https:\/\/www.egemtv.com\/?p=14764","title":{"rendered":"Sisler i\u00e7indeki Mente\u015fe kartpostall\u0131k g\u00f6r\u00fcnt\u00fcler sundu"},"content":{"rendered":"<p>Mu\u011fla\u2019n\u0131n Mente\u015fe il\u00e7esi, sabah saatlerinde etkili olan yo\u011fun sisle adeta masals\u0131 bir atmosfere b\u00fcr\u00fcnd\u00fc. Do\u011fal g\u00fczelliklerin \u00fczerini bembeyaz bir \u00f6rt\u00fc gibi kaplayan sis bulutu, kenti tabloyu and\u0131ran manzaralarla s\u00fcsledi.<\/p>\n<p>\u00d6zellikle y\u00fcksek noktalardan bak\u0131ld\u0131\u011f\u0131nda sis denizi i\u00e7inde kaybolan Mente\u015fe, foto\u011fraf tutkunlar\u0131n\u0131 ve do\u011fa severleri mest etti. Vatanda\u015flar, bu etkileyici do\u011fa olay\u0131n\u0131 foto\u011fraflayabilmek i\u00e7in Seyir Tepesi ve di\u011fer y\u00fcksek b\u00f6lgelere ak\u0131n etti.<\/p>\n<p>Meteoroloji yetkilileri, gece boyunca etkili olan so\u011fuk hava ve y\u00fcksek nem oran\u0131n\u0131n sis olu\u015fumuna neden oldu\u011funu belirtti.<br \/><\/p>\n","protected":false},"excerpt":{"rendered":"<p>Mu\u011fla\u2019n\u0131n Mente\u015fe il\u00e7esi, sabah saatlerinde etkili olan yo\u011fun sisle adeta masals\u0131 bir atmosfere b\u00fcr\u00fcnd\u00fc. Do\u011fal g\u00fczelliklerin \u00fczerini bembeyaz bir \u00f6rt\u00fc gibi kaplayan sis bulutu, kenti tabloyu and\u0131ran manzaralarla s\u00fcsledi. \u00d6zellikle y\u00fcksek noktalardan bak\u0131ld\u0131\u011f\u0131nda sis denizi i\u00e7inde kaybolan Mente\u015fe, foto\u011fraf tutkunlar\u0131n\u0131 ve do\u011fa severleri mest etti. Vatanda\u015flar, bu etkileyici do\u011fa olay\u0131n\u0131 foto\u011fraflayabilmek i\u00e7in Seyir Tepesi ve&#8230;<\/p>\n","protected":false},"author":1,"featured_media":14765,"comment_status":"open","ping_status":"open","sticky":false,"template":"","format":"standard","meta":{"_crdt_document":"","footnotes":""},"categories":[1],"tags":[],"class_list":["post-14764","post","type-post","status-publish","format-standard","has-post-thumbnail","hentry","category-guncel"],"_links":{"self":[{"href":"https:\/\/www.egemtv.com\/index.php?rest_route=\/wp\/v2\/posts\/14764","targetHints":{"allow":["GET"]}}],"collection":[{"href":"https:\/\/www.egemtv.com\/index.php?rest_route=\/wp\/v2\/posts"}],"about":[{"href":"https:\/\/www.egemtv.com\/index.php?rest_route=\/wp\/v2\/types\/post"}],"author":[{"embeddable":true,"href":"https:\/\/www.egemtv.com\/index.php?rest_route=\/wp\/v2\/users\/1"}],"replies":[{"embeddable":true,"href":"https:\/\/www.egemtv.com\/index.php?rest_route=%2Fwp%2Fv2%2Fcomments&post=14764"}],"version-history":[{"count":1,"href":"https:\/\/www.egemtv.com\/index.php?rest_route=\/wp\/v2\/posts\/14764\/revisions"}],"predecessor-version":[{"id":14769,"href":"https:\/\/www.egemtv.com\/index.php?rest_route=\/wp\/v2\/posts\/14764\/revisions\/14769"}],"wp:featuredmedia":[{"embeddable":true,"href":"https:\/\/www.egemtv.com\/index.php?rest_route=\/wp\/v2\/media\/14765"}],"wp:attachment":[{"href":"https:\/\/www.egemtv.com\/index.php?rest_route=%2Fwp%2Fv2%2Fmedia&parent=14764"}],"wp:term":[{"taxonomy":"category","embeddable":true,"href":"https:\/\/www.egemtv.com\/index.php?rest_route=%2Fwp%2Fv2%2Fcategories&post=14764"},{"taxonomy":"post_tag","embeddable":true,"href":"https:\/\/www.egemtv.com\/index.php?rest_route=%2Fwp%2Fv2%2Ftags&post=14764"}],"curies":[{"name":"wp","href":"https:\/\/api.w.org\/{rel}","templated":true}]}}