{"id":14761,"date":"2025-02-03T10:28:20","date_gmt":"2025-02-03T07:28:20","guid":{"rendered":"https:\/\/www.egemtv.com\/?p=14761"},"modified":"2025-02-03T10:28:24","modified_gmt":"2025-02-03T07:28:24","slug":"serbest-gures-il-birinciligi-musabakalari-sona-erdi-2","status":"publish","type":"post","link":"https:\/\/www.egemtv.com\/?p=14761","title":{"rendered":"Serbest G\u00fcre\u015f il birincili\u011fi m\u00fcsabakalar\u0131 sona erdi"},"content":{"rendered":"<p>Afyonkarahisar\u2019da Serbest G\u00fcre\u015f il birincili\u011fi m\u00fcsabakalar\u0131 \u00c7i\u011filtepe Spor Salonu\u2019nda tamamland\u0131.<br \/>\n<br \/>M\u00fcsabakalara k\u0131zlar ve erkekler olmak \u00fczere farkl\u0131 ya\u015f kategorilerinde bir\u00e7ok sporcu kat\u0131l\u0131m sa\u011flad\u0131. M\u00fcsabakalar sonucunda ba\u015far\u0131l\u0131 olan sporculara \u00f6d\u00fclleri Spor Hizmetleri M\u00fcd\u00fcr\u00fc Y\u0131lmaz Er\u015fen ve Sporcu E\u011fitim Merkezi M\u00fcd\u00fcr\u00fc (SEM) Hakan K\u0131vr\u0131k taraf\u0131ndan takdim edildi.<br \/>\n<br \/>Gen\u00e7lik ve Spor \u0130l M\u00fcd\u00fcr\u00fc \u0130smail Hakk\u0131 Kasapo\u011flu, \u015fu a\u00e7\u0131klamada bulundu: &#8220;Bug\u00fcn burada, sadece il birincili\u011fini de\u011fil, ayn\u0131 zamanda gelece\u011fin \u015fampiyonlar\u0131n\u0131 da izleme f\u0131rsat\u0131 bulduk. G\u00fcre\u015f gibi k\u00f6kl\u00fc bir spor dal\u0131n\u0131 ya\u015fatmak ve daha da ileriye ta\u015f\u0131mak i\u00e7in b\u00fcy\u00fck bir gayret i\u00e7erisindeyiz. Gen\u00e7lerimizin g\u00f6sterdi\u011fi ilgi ve ba\u015far\u0131 bizleri ger\u00e7ekten gururland\u0131rd\u0131. Ayr\u0131ca, g\u00fcre\u015fin her kategorisinde daha fazla sporcuya ula\u015fmak ve bu alandaki potansiyeli en iyi \u015fekilde de\u011ferlendirmek i\u00e7in \u00e7e\u015fitli projeler \u00fczerinde \u00e7al\u0131\u015f\u0131yoruz&#8221; dedi.<br \/><\/p>\n","protected":false},"excerpt":{"rendered":"<p>Afyonkarahisar\u2019da Serbest G\u00fcre\u015f il birincili\u011fi m\u00fcsabakalar\u0131 \u00c7i\u011filtepe Spor Salonu\u2019nda tamamland\u0131. M\u00fcsabakalara k\u0131zlar ve erkekler olmak \u00fczere farkl\u0131 ya\u015f kategorilerinde bir\u00e7ok sporcu kat\u0131l\u0131m sa\u011flad\u0131. M\u00fcsabakalar sonucunda ba\u015far\u0131l\u0131 olan sporculara \u00f6d\u00fclleri Spor Hizmetleri M\u00fcd\u00fcr\u00fc Y\u0131lmaz Er\u015fen ve Sporcu E\u011fitim Merkezi M\u00fcd\u00fcr\u00fc (SEM) Hakan K\u0131vr\u0131k taraf\u0131ndan takdim edildi. Gen\u00e7lik ve Spor \u0130l M\u00fcd\u00fcr\u00fc \u0130smail Hakk\u0131 Kasapo\u011flu, \u015fu a\u00e7\u0131klamada&#8230;<\/p>\n","protected":false},"author":1,"featured_media":14762,"comment_status":"open","ping_status":"open","sticky":false,"template":"","format":"standard","meta":{"_crdt_document":"","footnotes":""},"categories":[4],"tags":[],"class_list":["post-14761","post","type-post","status-publish","format-standard","has-post-thumbnail","hentry","category-spor"],"_links":{"self":[{"href":"https:\/\/www.egemtv.com\/index.php?rest_route=\/wp\/v2\/posts\/14761","targetHints":{"allow":["GET"]}}],"collection":[{"href":"https:\/\/www.egemtv.com\/index.php?rest_route=\/wp\/v2\/posts"}],"about":[{"href":"https:\/\/www.egemtv.com\/index.php?rest_route=\/wp\/v2\/types\/post"}],"author":[{"embeddable":true,"href":"https:\/\/www.egemtv.com\/index.php?rest_route=\/wp\/v2\/users\/1"}],"replies":[{"embeddable":true,"href":"https:\/\/www.egemtv.com\/index.php?rest_route=%2Fwp%2Fv2%2Fcomments&post=14761"}],"version-history":[{"count":1,"href":"https:\/\/www.egemtv.com\/index.php?rest_route=\/wp\/v2\/posts\/14761\/revisions"}],"predecessor-version":[{"id":14766,"href":"https:\/\/www.egemtv.com\/index.php?rest_route=\/wp\/v2\/posts\/14761\/revisions\/14766"}],"wp:featuredmedia":[{"embeddable":true,"href":"https:\/\/www.egemtv.com\/index.php?rest_route=\/wp\/v2\/media\/14762"}],"wp:attachment":[{"href":"https:\/\/www.egemtv.com\/index.php?rest_route=%2Fwp%2Fv2%2Fmedia&parent=14761"}],"wp:term":[{"taxonomy":"category","embeddable":true,"href":"https:\/\/www.egemtv.com\/index.php?rest_route=%2Fwp%2Fv2%2Fcategories&post=14761"},{"taxonomy":"post_tag","embeddable":true,"href":"https:\/\/www.egemtv.com\/index.php?rest_route=%2Fwp%2Fv2%2Ftags&post=14761"}],"curies":[{"name":"wp","href":"https:\/\/api.w.org\/{rel}","templated":true}]}}