{"id":14756,"date":"2025-02-03T10:20:02","date_gmt":"2025-02-03T07:20:02","guid":{"rendered":"https:\/\/www.egemtv.com\/?p=14756"},"modified":"2025-02-03T10:20:07","modified_gmt":"2025-02-03T07:20:07","slug":"manisa-buyuksehir-belediyesinden-hayvan-sahiplenmeye-tesvik-kampanyasi","status":"publish","type":"post","link":"https:\/\/www.egemtv.com\/?p=14756","title":{"rendered":"Manisa B\u00fcy\u00fck\u015fehir Belediyesinden hayvan sahiplenmeye te\u015fvik kampanyas\u0131"},"content":{"rendered":"<p>Manisa B\u00fcy\u00fck\u015fehir Belediyesi Sa\u011fl\u0131k \u0130\u015fleri Daire Ba\u015fkanl\u0131\u011f\u0131\u2019na ba\u011fl\u0131 Hayvan Bak\u0131m ve Tedavi Merkezi, sokakta yaral\u0131 ya da hasta bulunan hayvanlar\u0131 tedavi ederek sahiplendirme \u00e7al\u0131\u015fmalar\u0131n\u0131 s\u00fcrd\u00fcr\u00fcyor.<br \/>\n<br \/>Manisa B\u00fcy\u00fck\u015fehir Belediyesi\u2019nde g\u00f6revli Daire Ba\u015fkan\u0131 Zeynep \u00c7etinkaya, hayvanlara y\u00f6nelik bu hizmete dikkat \u00e7ekmek ve Manisal\u0131lar\u0131 sahiplendirme konusunda te\u015fvik etmek i\u00e7in bak\u0131mevinde tedavi g\u00f6ren bir k\u00f6pe\u011fi sahiplendi. Sokakta yaralanm\u0131\u015f ve uzun s\u00fcredir tedavi g\u00f6ren bir k\u00f6pe\u011fi sahiplendi\u011fini belirten \u00c7etinkaya, &#8220;Manisal\u0131lar\u0131 da bu sevgi dolu kampanyaya kat\u0131lmaya davet ediyorum&#8221; dedi.<br \/>\n<br \/>Sokakta yaral\u0131 ya da hasta olarak bulunan can dostlara sahip \u00e7\u0131kan Manisa B\u00fcy\u00fck\u015fehir Belediyesi, can dostlar\u0131na s\u0131cak yuva da buluyor. Bu kapsam\u0131nda \u00e7al\u0131\u015fmalar\u0131n\u0131 s\u00fcrd\u00fcren Manisa B\u00fcy\u00fck\u015fehir Belediyesi, can dostlar\u0131n\u0131 sahiplenen vatanda\u015flara; k\u0131s\u0131rla\u015ft\u0131rmadan a\u015f\u0131ya, mama deste\u011finden sosyalizasyon e\u011fitimine kadar bir\u00e7ok konuda destek de sa\u011fl\u0131yor. Ayr\u0131ca, sahiplendirme sonras\u0131 al\u0131\u015fma s\u00fcrecinde vatanda\u015flara rehberlik edecek bir destek hatt\u0131 da sunuluyor.<\/p>\n<p>&#8220;Her can yuvas\u0131nda g\u00fczel ve \u00f6zel&#8221;<br \/>\n<br \/>Hayvan Bak\u0131m ve Tedavi Merkezi\u2019nde y\u00fcr\u00fct\u00fclen \u00e7al\u0131\u015fmalarla ilgili a\u00e7\u0131klamalarda bulunan Sa\u011fl\u0131k \u0130\u015fleri Koordinat\u00f6r\u00fc Derya H\u00fcner, sahiplendirmenin \u00f6nemini vurgulayarak, &#8220;\u015eansl\u0131 Patiler Bak\u0131mevimizde en \u00e7ok yaral\u0131 bir hayvan\u0131n sa\u011fl\u0131\u011f\u0131na kavu\u015ftu\u011fu ve ard\u0131ndan yeni yuvas\u0131na u\u011furland\u0131\u011f\u0131 anlarda mutlu oluyoruz. Sokak hayvanlar\u0131 pop\u00fclasyonunu kontrol alt\u0131na almak i\u00e7in k\u0131s\u0131rla\u015ft\u0131rma ana \u00e7\u00f6z\u00fcm yolumuz olsa da sahiplendirme s\u00fcreci de \u00e7ok k\u0131ymetli. \u00c7\u00fcnk\u00fc her can, yuvas\u0131nda g\u00fczel ve yuvas\u0131nda \u00f6zel. Daire Ba\u015fkan\u0131m\u0131z Zeynep \u00c7etinkaya\u2019ya, hi\u00e7 akl\u0131nda yokken tedaviye al\u0131nan bir sokak k\u00f6pe\u011fine yuva oldu\u011fu i\u00e7in te\u015fekk\u00fcr ediyorum. Bu duyarl\u0131l\u0131\u011f\u0131n herkese \u00f6rnek olmas\u0131n\u0131 diliyorum&#8221; dedi.<\/p>\n<p>&#8220;Manisal\u0131lar\u0131 hayvan sahiplenmeye davet ediyorum&#8221;<br \/>\n<br \/>Daire Ba\u015fkan\u0131 Zeynep \u00c7etinkaya ise bak\u0131mevinde birbirinden g\u00fczel can dostlar\u0131n oldu\u011funu ifade ederek, hayvan sahiplenmenin \u00f6nemine dikkat \u00e7ekti. \u00c7etinkaya, &#8220;Yakla\u015f\u0131k 7 ayd\u0131r Manisa\u2019day\u0131m ve B\u00fcy\u00fck\u015fehir Belediyesi\u2019nin hayvan bak\u0131mevine s\u0131k s\u0131k gidiyorum. Burada hem veteriner hekimlerin hem de t\u00fcm personelin hayvanlara sevgiyle yakla\u015ft\u0131\u011f\u0131n\u0131 g\u00f6rmek beni \u00e7ok etkiledi. Bu g\u00fczel \u00e7al\u0131\u015fmalara destek vermek istedim. Bug\u00fcn, uzun s\u00fcredir tedavi g\u00f6ren ve sokakta \u00e7ok yaralanm\u0131\u015f bir k\u00f6pe\u011fi sahipleniyorum. Bu duygusal ba\u011f\u0131 ba\u015fka bir canla payla\u015fabilmek benim i\u00e7in \u00e7ok k\u0131ymetli. Bu anlaml\u0131 hizmette eme\u011fi ge\u00e7en herkese te\u015fekk\u00fcr ediyorum. Manisal\u0131lar\u0131 da bu sevgi dolu kampanyaya kat\u0131lmaya davet ediyorum&#8221; diye konu\u015ftu.<\/p>\n<p>Hayvan sahiplenenlere destek<br \/>\n<br \/>Manisa B\u00fcy\u00fck\u015fehir Belediyesi, can dostlar\u0131 sahiplenen Manisal\u0131lara da pek \u00e7ok destek sa\u011fl\u0131yor. Bu kapsamda k\u0131s\u0131rla\u015ft\u0131rma operasyonu, ilk 6 ayl\u0131k mama deste\u011fi, ilk 1 y\u0131ll\u0131k kuduz ve i\u00e7-d\u0131\u015f parazit a\u015f\u0131lar\u0131, ihtiyaca g\u00f6re sosyalizasyon e\u011fitimi, tasma, mama ve su kaplar\u0131 ile yatak deste\u011fi sa\u011flan\u0131yor. Ayr\u0131ca, sahiplendirme sonras\u0131 vatanda\u015flara al\u0131\u015fma s\u00fcrecinde rehberlik edecek bir destek hatt\u0131 da sunuluyor.<br \/><\/p>\n","protected":false},"excerpt":{"rendered":"<p>Manisa B\u00fcy\u00fck\u015fehir Belediyesi Sa\u011fl\u0131k \u0130\u015fleri Daire Ba\u015fkanl\u0131\u011f\u0131\u2019na ba\u011fl\u0131 Hayvan Bak\u0131m ve Tedavi Merkezi, sokakta yaral\u0131 ya da hasta bulunan hayvanlar\u0131 tedavi ederek sahiplendirme \u00e7al\u0131\u015fmalar\u0131n\u0131 s\u00fcrd\u00fcr\u00fcyor. Manisa B\u00fcy\u00fck\u015fehir Belediyesi\u2019nde g\u00f6revli Daire Ba\u015fkan\u0131 Zeynep \u00c7etinkaya, hayvanlara y\u00f6nelik bu hizmete dikkat \u00e7ekmek ve Manisal\u0131lar\u0131 sahiplendirme konusunda te\u015fvik etmek i\u00e7in bak\u0131mevinde tedavi g\u00f6ren bir k\u00f6pe\u011fi sahiplendi. Sokakta yaralanm\u0131\u015f ve&#8230;<\/p>\n","protected":false},"author":1,"featured_media":14757,"comment_status":"open","ping_status":"open","sticky":false,"template":"","format":"standard","meta":{"_crdt_document":"","footnotes":""},"categories":[1],"tags":[],"class_list":["post-14756","post","type-post","status-publish","format-standard","has-post-thumbnail","hentry","category-guncel"],"_links":{"self":[{"href":"https:\/\/www.egemtv.com\/index.php?rest_route=\/wp\/v2\/posts\/14756","targetHints":{"allow":["GET"]}}],"collection":[{"href":"https:\/\/www.egemtv.com\/index.php?rest_route=\/wp\/v2\/posts"}],"about":[{"href":"https:\/\/www.egemtv.com\/index.php?rest_route=\/wp\/v2\/types\/post"}],"author":[{"embeddable":true,"href":"https:\/\/www.egemtv.com\/index.php?rest_route=\/wp\/v2\/users\/1"}],"replies":[{"embeddable":true,"href":"https:\/\/www.egemtv.com\/index.php?rest_route=%2Fwp%2Fv2%2Fcomments&post=14756"}],"version-history":[{"count":1,"href":"https:\/\/www.egemtv.com\/index.php?rest_route=\/wp\/v2\/posts\/14756\/revisions"}],"predecessor-version":[{"id":14758,"href":"https:\/\/www.egemtv.com\/index.php?rest_route=\/wp\/v2\/posts\/14756\/revisions\/14758"}],"wp:featuredmedia":[{"embeddable":true,"href":"https:\/\/www.egemtv.com\/index.php?rest_route=\/wp\/v2\/media\/14757"}],"wp:attachment":[{"href":"https:\/\/www.egemtv.com\/index.php?rest_route=%2Fwp%2Fv2%2Fmedia&parent=14756"}],"wp:term":[{"taxonomy":"category","embeddable":true,"href":"https:\/\/www.egemtv.com\/index.php?rest_route=%2Fwp%2Fv2%2Fcategories&post=14756"},{"taxonomy":"post_tag","embeddable":true,"href":"https:\/\/www.egemtv.com\/index.php?rest_route=%2Fwp%2Fv2%2Ftags&post=14756"}],"curies":[{"name":"wp","href":"https:\/\/api.w.org\/{rel}","templated":true}]}}