{"id":14753,"date":"2025-02-03T10:19:57","date_gmt":"2025-02-03T07:19:57","guid":{"rendered":"https:\/\/www.egemtv.com\/?p=14753"},"modified":"2025-02-03T10:20:02","modified_gmt":"2025-02-03T07:20:02","slug":"buyuksehirden-miniklere-beslenme-paketi","status":"publish","type":"post","link":"https:\/\/www.egemtv.com\/?p=14753","title":{"rendered":"B\u00fcy\u00fck\u015fehir\u2019den miniklere beslenme paketi"},"content":{"rendered":"<p>\u0130zmir B\u00fcy\u00fck\u015fehir Belediyesinin sosyal destek uygulamalar\u0131 aras\u0131na beslenme paketi de eklendi. &#8220;Anne eli de\u011fmi\u015f gibi olsun, y\u00fczler g\u00fcls\u00fcn&#8221; diyen A\u015fevleri \u015eube M\u00fcd\u00fcrl\u00fc\u011f\u00fc ekipleri, hijyenik \u015fartlarda \u00fcretilen sa\u011fl\u0131kl\u0131 ve besin de\u011feri y\u00fcksek g\u0131dalar\u0131 ilkokul \u00f6\u011frencilerine ula\u015ft\u0131rmaya ba\u015flad\u0131. Her g\u00fcn yakla\u015f\u0131k 2 bin ki\u015filik beslenme paketi verilecek.<br \/>\n<br \/>\u0130zmir B\u00fcy\u00fck\u015fehir Belediyesinin sosyal belediyecilik anlay\u0131\u015f\u0131 do\u011frultusunda hayata ge\u00e7irilen \u00e7al\u0131\u015fmalara bir yenisi daha eklendi. Kentteki ihtiya\u00e7 sahibi ailelerin yan\u0131nda olan B\u00fcy\u00fck\u015fehir Belediyesi bu kez ilkokul \u00f6\u011frencilerine beslenme paketi da\u011f\u0131tmaya ba\u015flad\u0131. \u0130htiya\u00e7 oldu\u011fu tespit edilen okullarda \u00f6\u011frenciler hizmetten yararlan\u0131yor.<br \/>\n<br \/>Okullarda 08.30-09.00 saatleri aras\u0131nda da\u011f\u0131t\u0131lan beslenme paketlerinin i\u00e7erikleri, \u0130zmir \u00c7ocuk Meclisi \u00fcyelerinin tavsiyeleri ve uzman akademisyenlerin de bulundu\u011fu kurulun \u00f6nerileriyle olu\u015fturuldu. Mevsimine uygun sebzelerle yap\u0131lm\u0131\u015f besinlerin de yer ald\u0131\u011f\u0131 beslenme paketi i\u00e7erisinde mutlaka mevsim meyvesi ile ayran, s\u00fct gibi sa\u011fl\u0131kl\u0131 bir i\u00e7ecek bulunuyor. Ayr\u0131ca \u00f6zel gereksinimi olan \u00f6\u011frencilerin e\u011fitim ald\u0131\u011f\u0131 30 okula da g\u00fcnl\u00fck ortalama 2 bin 500 ki\u015filik s\u0131cak yemek hizmeti veriliyor.<\/p>\n<p>&#8220;Ailelere \u00f6nemli bir katk\u0131 oldu&#8221;<br \/>\n<br \/>Hizmetten duydu\u011fu memnuniyeti aktaran Veli Hamdiye \u00d6t\u00fcken, &#8220;\u0130zmir B\u00fcy\u00fck\u015fehir Belediyesi\u2019ne te\u015fekk\u00fcr ederiz. Ailelere \u00f6nemli bir katk\u0131 oldu. \u00c7ok g\u00fczel bir hizmet. \u0130n\u015fallah devam eder. Bizim ya\u015fad\u0131\u011f\u0131m\u0131z yer ihtiya\u00e7l\u0131 bir b\u00f6lge. Benim gibi binlerce insan var. G\u00fczel bir yard\u0131m oldu. Ba\u015fkan\u2019\u0131m\u0131za te\u015fekk\u00fcr ederiz&#8221; dedi.<\/p>\n<p>&#8220;Anne eli de\u011fmi\u015f hissiyat\u0131 vermek istiyoruz&#8221;<br \/>\n<br \/>\u0130zmir B\u00fcy\u00fck\u015fehir Belediyesi\u2019nin yeni bir projeyi hayata ge\u00e7irdi\u011fini aktaran \u0130zmir B\u00fcy\u00fck\u015fehir Belediyesi A\u015fevleri \u015eube M\u00fcd\u00fcrl\u00fc\u011f\u00fc\u2019nde g\u00f6revli g\u0131da m\u00fchendisi Yasemin Akman, &#8220;Toplam 5 ilkokulda yeni projemizle ihtiya\u00e7 sahibi yakla\u015f\u0131k 2 bin \u00f6\u011frenciye sa\u011fl\u0131kl\u0131 ve dengeli beslenmeleri i\u00e7in hijyenik ko\u015fullarda \u00fcretmi\u015f oldu\u011fumuz besin de\u011feri y\u00fcksek g\u0131da paketleri da\u011f\u0131t\u0131yoruz. \u00c7ocuklara anne eli de\u011fmi\u015f hissiyat\u0131 vermek, onlar\u0131n y\u00fczlerinde g\u00fcl\u00fcmseme olu\u015fturmak g\u00fczel. 5 okulda ba\u015flad\u0131k, ihtiya\u00e7 sahibi okullar tespit edildik\u00e7e yeti\u015fmeye \u00e7al\u0131\u015faca\u011f\u0131z. Okullar\u0131m\u0131z\u0131n ve \u00f6\u011frencilerimizin buna ihtiyac\u0131 oldu\u011funu d\u00fc\u015f\u00fcn\u00fcyoruz. Her \u00e7ocu\u011fun e\u011fitim ve beslenme hakk\u0131 vard\u0131r. Bir \u00e7ocu\u011fun beslenmesi ne kadar iyi olursa, hayata kar\u015f\u0131 da o kadar diren\u00e7li ve verimli olabilece\u011fini d\u00fc\u015f\u00fcn\u00fcyoruz&#8221; dedi.<\/p>\n<p>Yakla\u015f\u0131k 2 bin ki\u015filik da\u011f\u0131t\u0131m yap\u0131l\u0131yor<br \/>\n<br \/>Hijyenik ve sa\u011fl\u0131kl\u0131 g\u0131dalar\u0131n \u0130zmirli \u00e7ocuklara ula\u015ft\u0131r\u0131ld\u0131\u011f\u0131n\u0131 belirten \u0130zmir B\u00fcy\u00fck\u015fehir Belediyesi\u2019nde g\u00f6revli g\u0131da teknikeri Seren Ye\u015filova ise, &#8220;Projemiz 2025 y\u0131l\u0131nda ba\u015flayan yeni bir proje. \u0130zmir B\u00fcy\u00fck\u015fehir Belediyesi olarak ilk defa ger\u00e7ekle\u015ftiriyoruz. \u015eu an 5 farkl\u0131 b\u00f6lgemizde ba\u015flad\u0131k. Okullara yakla\u015f\u0131k 2 bin ki\u015filik kumanya veriyoruz. \u00dcr\u00fcnlerimiz g\u00fcnl\u00fck, hijyenik \u015fekilde, beslenme program\u0131na uygun olarak haz\u0131rlan\u0131yor. \u00c7ocuklar\u0131m\u0131za sa\u011fl\u0131kl\u0131 beslenme program\u0131 olu\u015fturmak ad\u0131na ba\u015flatt\u0131k bu \u00e7al\u0131\u015fmay\u0131&#8221; ifadelerini kulland\u0131.<\/p>\n<p>Hafta i\u00e7i ortalama 15 bin ki\u015filik s\u0131cak yemek<br \/>\n<br \/>Buca Sosyal Ya\u015fam Kamp\u00fcs\u00fc Yerle\u015fkesi\u2019nde haftan\u0131n yedi g\u00fcn\u00fc aral\u0131ks\u0131z olarak yemek, kumanya, kahvalt\u0131l\u0131k \u00fcretim hizmeti veren \u0130zmir B\u00fcy\u00fck\u015fehir Belediyesi Sosyal Hizmetler Dairesi Ba\u015fkanl\u0131\u011f\u0131 b\u00fcnyesindeki A\u015fevleri \u015eube M\u00fcd\u00fcrl\u00fc\u011f\u00fc, g\u00fcnl\u00fck ortalama 15 bin ki\u015filik s\u0131cak yemek, 2 bin 500 ki\u015filik kumanyay\u0131 ihtiya\u00e7l\u0131 kesime da\u011f\u0131t\u0131yor. Ayr\u0131ca g\u00fcnl\u00fck 5 bine yak\u0131n taziye pidesi \u00fcretiliyor.<br \/><\/p>\n","protected":false},"excerpt":{"rendered":"<p>\u0130zmir B\u00fcy\u00fck\u015fehir Belediyesinin sosyal destek uygulamalar\u0131 aras\u0131na beslenme paketi de eklendi. &#8220;Anne eli de\u011fmi\u015f gibi olsun, y\u00fczler g\u00fcls\u00fcn&#8221; diyen A\u015fevleri \u015eube M\u00fcd\u00fcrl\u00fc\u011f\u00fc ekipleri, hijyenik \u015fartlarda \u00fcretilen sa\u011fl\u0131kl\u0131 ve besin de\u011feri y\u00fcksek g\u0131dalar\u0131 ilkokul \u00f6\u011frencilerine ula\u015ft\u0131rmaya ba\u015flad\u0131. Her g\u00fcn yakla\u015f\u0131k 2 bin ki\u015filik beslenme paketi verilecek. \u0130zmir B\u00fcy\u00fck\u015fehir Belediyesinin sosyal belediyecilik anlay\u0131\u015f\u0131 do\u011frultusunda hayata ge\u00e7irilen \u00e7al\u0131\u015fmalara&#8230;<\/p>\n","protected":false},"author":1,"featured_media":14754,"comment_status":"open","ping_status":"open","sticky":false,"template":"","format":"standard","meta":{"_crdt_document":"","footnotes":""},"categories":[1],"tags":[],"class_list":["post-14753","post","type-post","status-publish","format-standard","has-post-thumbnail","hentry","category-guncel"],"_links":{"self":[{"href":"https:\/\/www.egemtv.com\/index.php?rest_route=\/wp\/v2\/posts\/14753","targetHints":{"allow":["GET"]}}],"collection":[{"href":"https:\/\/www.egemtv.com\/index.php?rest_route=\/wp\/v2\/posts"}],"about":[{"href":"https:\/\/www.egemtv.com\/index.php?rest_route=\/wp\/v2\/types\/post"}],"author":[{"embeddable":true,"href":"https:\/\/www.egemtv.com\/index.php?rest_route=\/wp\/v2\/users\/1"}],"replies":[{"embeddable":true,"href":"https:\/\/www.egemtv.com\/index.php?rest_route=%2Fwp%2Fv2%2Fcomments&post=14753"}],"version-history":[{"count":1,"href":"https:\/\/www.egemtv.com\/index.php?rest_route=\/wp\/v2\/posts\/14753\/revisions"}],"predecessor-version":[{"id":14755,"href":"https:\/\/www.egemtv.com\/index.php?rest_route=\/wp\/v2\/posts\/14753\/revisions\/14755"}],"wp:featuredmedia":[{"embeddable":true,"href":"https:\/\/www.egemtv.com\/index.php?rest_route=\/wp\/v2\/media\/14754"}],"wp:attachment":[{"href":"https:\/\/www.egemtv.com\/index.php?rest_route=%2Fwp%2Fv2%2Fmedia&parent=14753"}],"wp:term":[{"taxonomy":"category","embeddable":true,"href":"https:\/\/www.egemtv.com\/index.php?rest_route=%2Fwp%2Fv2%2Fcategories&post=14753"},{"taxonomy":"post_tag","embeddable":true,"href":"https:\/\/www.egemtv.com\/index.php?rest_route=%2Fwp%2Fv2%2Ftags&post=14753"}],"curies":[{"name":"wp","href":"https:\/\/api.w.org\/{rel}","templated":true}]}}