{"id":14744,"date":"2025-02-03T10:16:29","date_gmt":"2025-02-03T07:16:29","guid":{"rendered":"https:\/\/www.egemtv.com\/?p=14744"},"modified":"2025-02-03T10:16:34","modified_gmt":"2025-02-03T07:16:34","slug":"kocarlidaki-yanginda-mustakil-ev-kule-dondu","status":"publish","type":"post","link":"https:\/\/www.egemtv.com\/?p=14744","title":{"rendered":"Ko\u00e7arl\u0131\u2019daki yang\u0131nda m\u00fcstakil ev k\u00fcle d\u00f6nd\u00fc"},"content":{"rendered":"<p>Ayd\u0131n\u2019\u0131n Efeler il\u00e7esinde bulunan bir m\u00fcstakil evde \u00e7\u0131kan yang\u0131n pani\u011fe neden olurken, tamamen yanan ev kullan\u0131lamaz hale geldi.<\/p>\n<p>Yang\u0131n, Osman Yozgatl\u0131 Mahallesi 1202 Sokak \u00fczerindeki bir m\u00fcstakil evde gece saatlerinde meydana geldi. Edinilen bilgiye g\u00f6re, hen\u00fcz bilinmeyen bir nedenle evde yang\u0131n \u00e7\u0131kt\u0131. 112 Acil \u00c7a\u011fr\u0131 Merkezi\u2019ne yap\u0131lan ihbar \u00fczerine b\u00f6lgeye sa\u011fl\u0131k, polis ve itfaiye ekipleri sevk edildi. K\u0131sa s\u00fcrede olay yerine gelen Ayd\u0131n B\u00fcy\u00fck\u015fehir Belediyesi \u0130tfaiye Daire Ba\u015fkanl\u0131\u011f\u0131 ekipleri yang\u0131na m\u00fcdahale ederek s\u00f6nd\u00fcrd\u00fc. Yang\u0131nda \u00f6len yada yaralanan\u0131n olmamas\u0131 teselli kayna\u011f\u0131 olurken, tamamen yanan ev kullan\u0131lamaz hale geldi. Ekipler yang\u0131n\u0131n \u00e7\u0131k\u0131\u015f nedenin belirlenebilmesi i\u00e7in \u00e7al\u0131\u015fma ba\u015flatt\u0131.<\/p>\n<p>Olayla ilgili soru\u015fturma s\u00fcr\u00fcyor.<br \/><\/p>\n","protected":false},"excerpt":{"rendered":"<p>Ayd\u0131n\u2019\u0131n Efeler il\u00e7esinde bulunan bir m\u00fcstakil evde \u00e7\u0131kan yang\u0131n pani\u011fe neden olurken, tamamen yanan ev kullan\u0131lamaz hale geldi. Yang\u0131n, Osman Yozgatl\u0131 Mahallesi 1202 Sokak \u00fczerindeki bir m\u00fcstakil evde gece saatlerinde meydana geldi. Edinilen bilgiye g\u00f6re, hen\u00fcz bilinmeyen bir nedenle evde yang\u0131n \u00e7\u0131kt\u0131. 112 Acil \u00c7a\u011fr\u0131 Merkezi\u2019ne yap\u0131lan ihbar \u00fczerine b\u00f6lgeye sa\u011fl\u0131k, polis ve itfaiye ekipleri&#8230;<\/p>\n","protected":false},"author":1,"featured_media":14745,"comment_status":"open","ping_status":"open","sticky":false,"template":"","format":"standard","meta":{"_crdt_document":"","footnotes":""},"categories":[5],"tags":[],"class_list":["post-14744","post","type-post","status-publish","format-standard","has-post-thumbnail","hentry","category-asayis"],"_links":{"self":[{"href":"https:\/\/www.egemtv.com\/index.php?rest_route=\/wp\/v2\/posts\/14744","targetHints":{"allow":["GET"]}}],"collection":[{"href":"https:\/\/www.egemtv.com\/index.php?rest_route=\/wp\/v2\/posts"}],"about":[{"href":"https:\/\/www.egemtv.com\/index.php?rest_route=\/wp\/v2\/types\/post"}],"author":[{"embeddable":true,"href":"https:\/\/www.egemtv.com\/index.php?rest_route=\/wp\/v2\/users\/1"}],"replies":[{"embeddable":true,"href":"https:\/\/www.egemtv.com\/index.php?rest_route=%2Fwp%2Fv2%2Fcomments&post=14744"}],"version-history":[{"count":1,"href":"https:\/\/www.egemtv.com\/index.php?rest_route=\/wp\/v2\/posts\/14744\/revisions"}],"predecessor-version":[{"id":14746,"href":"https:\/\/www.egemtv.com\/index.php?rest_route=\/wp\/v2\/posts\/14744\/revisions\/14746"}],"wp:featuredmedia":[{"embeddable":true,"href":"https:\/\/www.egemtv.com\/index.php?rest_route=\/wp\/v2\/media\/14745"}],"wp:attachment":[{"href":"https:\/\/www.egemtv.com\/index.php?rest_route=%2Fwp%2Fv2%2Fmedia&parent=14744"}],"wp:term":[{"taxonomy":"category","embeddable":true,"href":"https:\/\/www.egemtv.com\/index.php?rest_route=%2Fwp%2Fv2%2Fcategories&post=14744"},{"taxonomy":"post_tag","embeddable":true,"href":"https:\/\/www.egemtv.com\/index.php?rest_route=%2Fwp%2Fv2%2Ftags&post=14744"}],"curies":[{"name":"wp","href":"https:\/\/api.w.org\/{rel}","templated":true}]}}