{"id":14738,"date":"2025-02-03T10:14:19","date_gmt":"2025-02-03T07:14:19","guid":{"rendered":"https:\/\/www.egemtv.com\/?p=14738"},"modified":"2025-02-03T10:14:23","modified_gmt":"2025-02-03T07:14:23","slug":"nazilli-belediyesi-oyun-alanlarini-dezenfekte-ediyor","status":"publish","type":"post","link":"https:\/\/www.egemtv.com\/?p=14738","title":{"rendered":"Nazilli Belediyesi oyun alanlar\u0131n\u0131 dezenfekte ediyor"},"content":{"rendered":"<p>Nazilli Belediyesi, \u00e7ocuklar\u0131n sa\u011fl\u0131kl\u0131 bir ortamda vakit ge\u00e7irebilmesi i\u00e7in ba\u015flatt\u0131\u011f\u0131 oyun parklar\u0131ndaki dezenfeksiyon \u00e7al\u0131\u015fmalar\u0131na devam ediyor.<br \/>\n<br \/>Atat\u00fcrk ve 23 Nisan Park\u0131\u2019ndan ba\u015flayan \u00e7al\u0131\u015fmalar, belediye ekipleri taraf\u0131ndan titizlikle y\u00fcr\u00fct\u00fclerek il\u00e7edeki t\u00fcm oyun gruplar\u0131 dezenfekte edilecek.<br \/>\n<br \/>\u0130l\u00e7e genelinde ger\u00e7ekle\u015ftirilen temizlik uygulamas\u0131yla; son y\u0131llarda yayg\u0131nla\u015fan el, ayak, a\u011f\u0131z hastal\u0131\u011f\u0131 gibi viral enfeksiyonlara kar\u015f\u0131 \u00f6nlem al\u0131nm\u0131\u015f olacak.<br \/>\n<br \/>\u00c7ocuklar\u0131n sa\u011fl\u0131\u011f\u0131n\u0131 korumak i\u00e7in bu t\u00fcr uygulamalar\u0131n d\u00fczenli olarak s\u00fcrd\u00fcr\u00fclece\u011fini belirten Nazilli Belediye Ba\u015fkan\u0131 Dr. Ertu\u011frul Tetik; &#8220;Ekiplerimiz, hijyen \u00e7al\u0131\u015fmalar\u0131m\u0131z s\u0131ras\u0131nda vatanda\u015flar\u0131m\u0131z\u0131n dikkatli olmalar\u0131 konusunda gerekli uyar\u0131lar\u0131 yap\u0131yor. \u00d6n\u00fcm\u00fczdeki d\u00f6nemde de benzer hijyen ve temizlik uygulamalar\u0131na devam ederek \u00e7ocuklar\u0131m\u0131z\u0131n daha sa\u011fl\u0131kl\u0131 alanlarda vakit ge\u00e7irmesini sa\u011flayaca\u011f\u0131z. Emeklerinden dolay\u0131 t\u00fcm ekibime te\u015fekk\u00fcr ediyorum&#8221; ifadelerini kulland\u0131.<br \/><\/p>\n","protected":false},"excerpt":{"rendered":"<p>Nazilli Belediyesi, \u00e7ocuklar\u0131n sa\u011fl\u0131kl\u0131 bir ortamda vakit ge\u00e7irebilmesi i\u00e7in ba\u015flatt\u0131\u011f\u0131 oyun parklar\u0131ndaki dezenfeksiyon \u00e7al\u0131\u015fmalar\u0131na devam ediyor. Atat\u00fcrk ve 23 Nisan Park\u0131\u2019ndan ba\u015flayan \u00e7al\u0131\u015fmalar, belediye ekipleri taraf\u0131ndan titizlikle y\u00fcr\u00fct\u00fclerek il\u00e7edeki t\u00fcm oyun gruplar\u0131 dezenfekte edilecek. \u0130l\u00e7e genelinde ger\u00e7ekle\u015ftirilen temizlik uygulamas\u0131yla; son y\u0131llarda yayg\u0131nla\u015fan el, ayak, a\u011f\u0131z hastal\u0131\u011f\u0131 gibi viral enfeksiyonlara kar\u015f\u0131 \u00f6nlem al\u0131nm\u0131\u015f olacak. \u00c7ocuklar\u0131n sa\u011fl\u0131\u011f\u0131n\u0131&#8230;<\/p>\n","protected":false},"author":1,"featured_media":14739,"comment_status":"open","ping_status":"open","sticky":false,"template":"","format":"standard","meta":{"_crdt_document":"","footnotes":""},"categories":[1],"tags":[],"class_list":["post-14738","post","type-post","status-publish","format-standard","has-post-thumbnail","hentry","category-guncel"],"_links":{"self":[{"href":"https:\/\/www.egemtv.com\/index.php?rest_route=\/wp\/v2\/posts\/14738","targetHints":{"allow":["GET"]}}],"collection":[{"href":"https:\/\/www.egemtv.com\/index.php?rest_route=\/wp\/v2\/posts"}],"about":[{"href":"https:\/\/www.egemtv.com\/index.php?rest_route=\/wp\/v2\/types\/post"}],"author":[{"embeddable":true,"href":"https:\/\/www.egemtv.com\/index.php?rest_route=\/wp\/v2\/users\/1"}],"replies":[{"embeddable":true,"href":"https:\/\/www.egemtv.com\/index.php?rest_route=%2Fwp%2Fv2%2Fcomments&post=14738"}],"version-history":[{"count":1,"href":"https:\/\/www.egemtv.com\/index.php?rest_route=\/wp\/v2\/posts\/14738\/revisions"}],"predecessor-version":[{"id":14740,"href":"https:\/\/www.egemtv.com\/index.php?rest_route=\/wp\/v2\/posts\/14738\/revisions\/14740"}],"wp:featuredmedia":[{"embeddable":true,"href":"https:\/\/www.egemtv.com\/index.php?rest_route=\/wp\/v2\/media\/14739"}],"wp:attachment":[{"href":"https:\/\/www.egemtv.com\/index.php?rest_route=%2Fwp%2Fv2%2Fmedia&parent=14738"}],"wp:term":[{"taxonomy":"category","embeddable":true,"href":"https:\/\/www.egemtv.com\/index.php?rest_route=%2Fwp%2Fv2%2Fcategories&post=14738"},{"taxonomy":"post_tag","embeddable":true,"href":"https:\/\/www.egemtv.com\/index.php?rest_route=%2Fwp%2Fv2%2Ftags&post=14738"}],"curies":[{"name":"wp","href":"https:\/\/api.w.org\/{rel}","templated":true}]}}