{"id":14735,"date":"2025-02-03T10:08:26","date_gmt":"2025-02-03T07:08:26","guid":{"rendered":"https:\/\/www.egemtv.com\/?p=14735"},"modified":"2025-02-03T10:08:31","modified_gmt":"2025-02-03T07:08:31","slug":"hayvan-yasam-merkezi-mart-ayinin-son-haftasinda-acilacak","status":"publish","type":"post","link":"https:\/\/www.egemtv.com\/?p=14735","title":{"rendered":"Hayvan Ya\u015fam Merkezi mart ay\u0131n\u0131n son haftas\u0131nda a\u00e7\u0131lacak"},"content":{"rendered":"<p>Yunusemre Belediyesi, Manisa B\u00fcy\u00fck\u015fehir Belediyesi ve \u015eehzadeler Belediyesi i\u015fbirli\u011fi ile Manisa\u2019n\u0131n sokak canl\u0131lar\u0131 i\u00e7in kanayan yaras\u0131na \u00e7\u00f6z\u00fcm olacak olan Ege B\u00f6lgesi\u2019nin en b\u00fcy\u00fck Hayvan Ya\u015fam Merkezi \u00e7al\u0131\u015fmalar\u0131nda \u00e7al\u0131\u015fmalar h\u0131zland\u0131. 117 d\u00f6n\u00fcml\u00fck alanda hayata ge\u00e7irilen merkezin y\u00fczde 50\u2019si mart ay\u0131 sonuna kadar hizmete girecek.<br \/>\n<br \/>Manisa\u2019n\u0131n sokak canl\u0131lar\u0131 sorununa bir nebze \u00e7\u00f6z\u00fcm olacak projede \u00e7al\u0131\u015fmalar h\u0131zland\u0131. Yunusemre Belediyesi, Manisa B\u00fcy\u00fck\u015fehir Belediyesi ve \u015eehzadeler Belediyesi i\u015fbirli\u011fiyle s\u00fcrd\u00fcr\u00fclen Ege B\u00f6lgesi\u2019nin en b\u00fcy\u00fck ve modern hayvan bar\u0131na\u011f\u0131nda \u00e7al\u0131\u015fmalar t\u00fcm h\u0131z\u0131yla devam ediyor. \u0130n\u015faat \u00e7al\u0131\u015fmalar\u0131n\u0131n son a\u015famaya geldi\u011fi merkezin bir b\u00f6l\u00fcm\u00fc mart ay\u0131n\u0131n son haftalar\u0131nda hizmete girecek. Toplam 117 d\u00f6n\u00fcml\u00fck dev bir alan \u00fczerinde in\u015fa edilen Hayvan Ya\u015fam Merkezi, sokak canl\u0131lar\u0131n\u0131n ya\u015fam standartlar\u0131n\u0131 iyile\u015ftirmeye y\u00f6nelik olarak tasarland\u0131. Tesis sayesinde Manisa\u2019daki sahipsiz hayvanlar\u0131n k\u0131s\u0131rla\u015ft\u0131r\u0131lmas\u0131, tedavi edilmesi ve tehlikeli t\u00fcrlerin kontrol alt\u0131na al\u0131nmas\u0131 sa\u011flanacak.<\/p>\n<p>Sokak canl\u0131lar\u0131 bu merkezde sa\u011fl\u0131\u011f\u0131na kavu\u015facak<br \/>\n<br \/>Sokak canl\u0131lar\u0131n\u0131n sa\u011fl\u0131kl\u0131 ve huzurlu bir hayat s\u00fcrmesi amac\u0131 ile hizmete girmesi beklenen Hayvan Ya\u015fam Merkezi, sokak canl\u0131lar\u0131n\u0131n sadece bar\u0131nma ihtiya\u00e7lar\u0131n\u0131 kar\u015f\u0131lamakla kalmay\u0131p, sa\u011fl\u0131k, rehabilitasyon ve sosyal ihtiya\u00e7lar\u0131n\u0131 da kar\u015f\u0131layacak. Merkezde, sokak canl\u0131lar\u0131na y\u00f6nelik olarak geni\u015f ve ferah bar\u0131naklar\u0131n yan\u0131 s\u0131ra, tam donan\u0131ml\u0131 bir veteriner klini\u011fi bulunuyor. Merkezde, tedavi ve bak\u0131m s\u00fcre\u00e7lerinin en iyi \u015fekilde y\u00fcr\u00fct\u00fclebilmesi i\u00e7in 2 ameliyathane ve laboratuvarda yer al\u0131yor. Hayvan Ya\u015fam Merkezi\u2019nde y\u00fcr\u00fct\u00fclen \u00e7al\u0131\u015fmalar\u0131 yerinde inceleyen Yunusemre Belediye Ba\u015fkan\u0131 Semih Balaban, \u00e7al\u0131\u015fmalar hakk\u0131nda teknik personellerden detayl\u0131 bilgi ald\u0131. \u0130ncelemede Ba\u015fkan Balaban\u2019a Yunusemre Belediye Ba\u015fkan Yard\u0131mc\u0131lar\u0131 Ali Kuyumcu ve Haydar \u0130zci ile teknik personeller kat\u0131ld\u0131.<\/p>\n<p>Mart ay\u0131n\u0131n son haftalar\u0131nda merkezin y\u00fczde 50\u2019si a\u00e7\u0131lacak<br \/>\n<br \/>Merkezde y\u00fcr\u00fct\u00fclen \u00e7al\u0131\u015fmalara ili\u015fkin a\u00e7\u0131klamada bulunan Yunusemre Belediye Ba\u015fkan\u0131 Semih Balaban, Manisa\u2019da ya\u015fanan sokak canl\u0131lar\u0131 sorununa h\u0131zl\u0131 bir \u00e7\u00f6z\u00fcm bulmak i\u00e7in yo\u011fun bir emek harcad\u0131klar\u0131n\u0131 belirtti. Ba\u015fkan Balaban konu ile ilgili olarak yapt\u0131\u011f\u0131 a\u00e7\u0131klamada, &#8220;Yunusemre Belediyesi, \u015eehzadeler Belediyesi ve Manisa B\u00fcy\u00fck\u015fehir Belediyesi i\u015fbirli\u011fi ile Hayvan Ya\u015fam Merkezi\u2019nde y\u00fcr\u00fct\u00fclen \u00e7al\u0131\u015fmalar\u0131 inceledik. \u0130n\u015faatlar t\u00fcm h\u0131z\u0131yla devam ediyor. Manisa\u2019da ya\u015fanan sokak canl\u0131lar\u0131 sorununun \u00e7\u00f6z\u00fcm\u00fc i\u00e7in elbirli\u011fi ile b\u00fcy\u00fck bir ad\u0131m at\u0131yoruz. Mart ay\u0131n\u0131n son haftalar\u0131nda bu ya\u015fam merkezinin en az y\u00fczde 50\u2019si hizmete a\u00e7aca\u011f\u0131z. Manisa B\u00fcy\u00fck\u015fehir Belediyesi ile birlikte k\u0131s\u0131rla\u015ft\u0131rma \u00e7al\u0131\u015fmalar\u0131m\u0131z\u0131 s\u00fcrd\u00fcr\u00fcyoruz. Manisa\u2019da ya\u015fanan sokak canl\u0131lar\u0131 sorunu da merkezin hizmete ba\u015flamas\u0131 ile bir nebzede olsa \u00e7\u00f6z\u00fcme kavu\u015fmu\u015f olacak. Eme\u011fi ge\u00e7en herkese te\u015fekk\u00fcr ediyorum&#8221; dedi.<br \/><\/p>\n","protected":false},"excerpt":{"rendered":"<p>Yunusemre Belediyesi, Manisa B\u00fcy\u00fck\u015fehir Belediyesi ve \u015eehzadeler Belediyesi i\u015fbirli\u011fi ile Manisa\u2019n\u0131n sokak canl\u0131lar\u0131 i\u00e7in kanayan yaras\u0131na \u00e7\u00f6z\u00fcm olacak olan Ege B\u00f6lgesi\u2019nin en b\u00fcy\u00fck Hayvan Ya\u015fam Merkezi \u00e7al\u0131\u015fmalar\u0131nda \u00e7al\u0131\u015fmalar h\u0131zland\u0131. 117 d\u00f6n\u00fcml\u00fck alanda hayata ge\u00e7irilen merkezin y\u00fczde 50\u2019si mart ay\u0131 sonuna kadar hizmete girecek. Manisa\u2019n\u0131n sokak canl\u0131lar\u0131 sorununa bir nebze \u00e7\u00f6z\u00fcm olacak projede \u00e7al\u0131\u015fmalar h\u0131zland\u0131. Yunusemre&#8230;<\/p>\n","protected":false},"author":1,"featured_media":14736,"comment_status":"open","ping_status":"open","sticky":false,"template":"","format":"standard","meta":{"_crdt_document":"","footnotes":""},"categories":[1],"tags":[],"class_list":["post-14735","post","type-post","status-publish","format-standard","has-post-thumbnail","hentry","category-guncel"],"_links":{"self":[{"href":"https:\/\/www.egemtv.com\/index.php?rest_route=\/wp\/v2\/posts\/14735","targetHints":{"allow":["GET"]}}],"collection":[{"href":"https:\/\/www.egemtv.com\/index.php?rest_route=\/wp\/v2\/posts"}],"about":[{"href":"https:\/\/www.egemtv.com\/index.php?rest_route=\/wp\/v2\/types\/post"}],"author":[{"embeddable":true,"href":"https:\/\/www.egemtv.com\/index.php?rest_route=\/wp\/v2\/users\/1"}],"replies":[{"embeddable":true,"href":"https:\/\/www.egemtv.com\/index.php?rest_route=%2Fwp%2Fv2%2Fcomments&post=14735"}],"version-history":[{"count":1,"href":"https:\/\/www.egemtv.com\/index.php?rest_route=\/wp\/v2\/posts\/14735\/revisions"}],"predecessor-version":[{"id":14737,"href":"https:\/\/www.egemtv.com\/index.php?rest_route=\/wp\/v2\/posts\/14735\/revisions\/14737"}],"wp:featuredmedia":[{"embeddable":true,"href":"https:\/\/www.egemtv.com\/index.php?rest_route=\/wp\/v2\/media\/14736"}],"wp:attachment":[{"href":"https:\/\/www.egemtv.com\/index.php?rest_route=%2Fwp%2Fv2%2Fmedia&parent=14735"}],"wp:term":[{"taxonomy":"category","embeddable":true,"href":"https:\/\/www.egemtv.com\/index.php?rest_route=%2Fwp%2Fv2%2Fcategories&post=14735"},{"taxonomy":"post_tag","embeddable":true,"href":"https:\/\/www.egemtv.com\/index.php?rest_route=%2Fwp%2Fv2%2Ftags&post=14735"}],"curies":[{"name":"wp","href":"https:\/\/api.w.org\/{rel}","templated":true}]}}