{"id":14732,"date":"2025-02-03T10:04:10","date_gmt":"2025-02-03T07:04:10","guid":{"rendered":"https:\/\/www.egemtv.com\/?p=14732"},"modified":"2025-02-03T10:04:19","modified_gmt":"2025-02-03T07:04:19","slug":"kanal-borusuna-sikisan-kopegi-itfaiye-kurtardi","status":"publish","type":"post","link":"https:\/\/www.egemtv.com\/?p=14732","title":{"rendered":"Kanal borusuna s\u0131k\u0131\u015fan k\u00f6pe\u011fi itfaiye kurtard\u0131"},"content":{"rendered":"<p>\u0130zmir\u2019in Fo\u00e7a il\u00e7esinde kanal borusuna s\u0131k\u0131\u015fan yavru k\u00f6pek itfaiye ekipleri taraf\u0131ndan kurtar\u0131ld\u0131.<br \/>\n<br \/>Fo\u00e7a il\u00e7esi Kozbeyli Mahallesi\u2019nde kanal borusunda k\u00f6pek oldu\u011funu fark eden vatanda\u015flar, durumu 112 Acil \u00c7a\u011fr\u0131 Merkezine bildirdi. \u0130hbar \u00fczerine b\u00f6lgeye gelen \u0130zmir B\u00fcy\u00fck\u015fehir Belediyesi \u0130tfaiye Daire Ba\u015fkanl\u0131\u011f\u0131 Kuzey B\u00f6lge Arama Kurtarma Ekipleri, yar\u0131m saat s\u00fcren \u00e7al\u0131\u015fma ile minik k\u00f6pe\u011fin s\u0131k\u0131\u015ft\u0131\u011f\u0131 boruyu dikkatlice s\u00f6kerek zarar vermeden kurtarmay\u0131 ba\u015fard\u0131. Kurtarma i\u015fleminin ard\u0131ndan yap\u0131lan kontrolde mini\u011fin sa\u011fl\u0131k durumunun iyi oldu\u011fu \u00f6\u011frenildi.<br \/><\/p>\n","protected":false},"excerpt":{"rendered":"<p>\u0130zmir\u2019in Fo\u00e7a il\u00e7esinde kanal borusuna s\u0131k\u0131\u015fan yavru k\u00f6pek itfaiye ekipleri taraf\u0131ndan kurtar\u0131ld\u0131. Fo\u00e7a il\u00e7esi Kozbeyli Mahallesi\u2019nde kanal borusunda k\u00f6pek oldu\u011funu fark eden vatanda\u015flar, durumu 112 Acil \u00c7a\u011fr\u0131 Merkezine bildirdi. \u0130hbar \u00fczerine b\u00f6lgeye gelen \u0130zmir B\u00fcy\u00fck\u015fehir Belediyesi \u0130tfaiye Daire Ba\u015fkanl\u0131\u011f\u0131 Kuzey B\u00f6lge Arama Kurtarma Ekipleri, yar\u0131m saat s\u00fcren \u00e7al\u0131\u015fma ile minik k\u00f6pe\u011fin s\u0131k\u0131\u015ft\u0131\u011f\u0131 boruyu dikkatlice s\u00f6kerek&#8230;<\/p>\n","protected":false},"author":1,"featured_media":14733,"comment_status":"open","ping_status":"open","sticky":false,"template":"","format":"standard","meta":{"_crdt_document":"","footnotes":""},"categories":[5],"tags":[],"class_list":["post-14732","post","type-post","status-publish","format-standard","has-post-thumbnail","hentry","category-asayis"],"_links":{"self":[{"href":"https:\/\/www.egemtv.com\/index.php?rest_route=\/wp\/v2\/posts\/14732","targetHints":{"allow":["GET"]}}],"collection":[{"href":"https:\/\/www.egemtv.com\/index.php?rest_route=\/wp\/v2\/posts"}],"about":[{"href":"https:\/\/www.egemtv.com\/index.php?rest_route=\/wp\/v2\/types\/post"}],"author":[{"embeddable":true,"href":"https:\/\/www.egemtv.com\/index.php?rest_route=\/wp\/v2\/users\/1"}],"replies":[{"embeddable":true,"href":"https:\/\/www.egemtv.com\/index.php?rest_route=%2Fwp%2Fv2%2Fcomments&post=14732"}],"version-history":[{"count":1,"href":"https:\/\/www.egemtv.com\/index.php?rest_route=\/wp\/v2\/posts\/14732\/revisions"}],"predecessor-version":[{"id":14734,"href":"https:\/\/www.egemtv.com\/index.php?rest_route=\/wp\/v2\/posts\/14732\/revisions\/14734"}],"wp:featuredmedia":[{"embeddable":true,"href":"https:\/\/www.egemtv.com\/index.php?rest_route=\/wp\/v2\/media\/14733"}],"wp:attachment":[{"href":"https:\/\/www.egemtv.com\/index.php?rest_route=%2Fwp%2Fv2%2Fmedia&parent=14732"}],"wp:term":[{"taxonomy":"category","embeddable":true,"href":"https:\/\/www.egemtv.com\/index.php?rest_route=%2Fwp%2Fv2%2Fcategories&post=14732"},{"taxonomy":"post_tag","embeddable":true,"href":"https:\/\/www.egemtv.com\/index.php?rest_route=%2Fwp%2Fv2%2Ftags&post=14732"}],"curies":[{"name":"wp","href":"https:\/\/api.w.org\/{rel}","templated":true}]}}