{"id":14729,"date":"2025-02-03T10:00:38","date_gmt":"2025-02-03T07:00:38","guid":{"rendered":"https:\/\/www.egemtv.com\/?p=14729"},"modified":"2025-02-03T10:00:43","modified_gmt":"2025-02-03T07:00:43","slug":"selendi-belediyespordan-ilk-galibiyet","status":"publish","type":"post","link":"https:\/\/www.egemtv.com\/?p=14729","title":{"rendered":"Selendi Belediyespor\u2019dan ilk galibiyet"},"content":{"rendered":"<p>Manisa S\u00fcper Amat\u00f6r Ligi Tak\u0131mlar\u0131ndan Selendi Belediyespor Yusuf Bulut Sezonunda rakibi Kula \u00dclk\u00fc Spor\u2019u 3-1 yenerek sezondaki ilk galibiyetini ald\u0131.<br \/>\n<br \/>Manisa S\u00fcper Amat\u00f6r Ligi Yusuf Bulut Sezonunda Selendi Belediyespor evinde Kula \u00dclk\u00fc Spor\u2019u a\u011f\u0131rlad\u0131. Selendi \u00dc\u00e7 Eyl\u00fcl Stad\u0131nda oynanan kar\u015f\u0131la\u015fmada G\u00f6khan\u2019\u0131n 40. dakikada att\u0131\u011f\u0131 golle Selendi Belediye Spor\u2019u 1-0 \u00f6ne ge\u00e7ti. \u0130lk yar\u0131 uzatmalar\u0131nda topla bulu\u015fan Muhammet\u2019\u0131n att\u0131\u011f\u0131 golle de tak\u0131m Kula \u00dclk\u00fc Spor kar\u015f\u0131s\u0131nda 2-0 \u00f6ne ge\u00e7ti. \u0130kinci yar\u0131ya rahat bir \u015fekilde \u00e7\u0131kan Selendi Belediye Spor, \u0130brahim\u2019in vuru\u015fuyla kendi kalesinde gol g\u00f6rd\u00fc. Kula \u00dclk\u00fc Spor\u2019un 2-1 skora ta\u015f\u0131d\u0131\u011f\u0131 ma\u00e7\u0131n ikinci yar\u0131 uzatmalar\u0131nda Selendi Belediye tak\u0131m oyuncusu Ya\u011f\u0131z sol taraftan kaleye giderken Kula \u00dclk\u00fc Spor tak\u0131m\u0131n kalecisi Enes taraf\u0131ndan d\u00fc\u015f\u00fcr\u00fcl\u00fcrken ma\u00e7\u0131n hakemi Kerim Uzun penalt\u0131 noktas\u0131n\u0131 i\u015faret etti. Penalt\u0131y\u0131 kullanan Selendi Belediyespor oyuncusu Ya\u011f\u0131z topu kaleye g\u00f6ndererek tak\u0131m\u0131n\u0131 3-1 \u00f6ne ge\u00e7irdi.<br \/>\n<br \/>Biti\u015f d\u00fcd\u00fc\u011f\u00fcn\u00fcn \u00e7almas\u0131n\u0131n ard\u0131ndan taraftar\u0131na ko\u015fan Selendili tak\u0131m oyuncular\u0131 ilk galibiyet ve ilk 3 puan\u0131n sevincini ya\u015fad\u0131lar.<br \/>\n<br \/>Ma\u00e7 sonunda oyuncular\u0131n\u0131 tebrik eden Antren\u00f6r Abdullah Ar\u0131kanl\u0131, &#8220;Oyuncular\u0131m\u0131 kutluyorum bundan sonraki ma\u00e7lar\u0131m\u0131z\u0131 kazanarak ligde istedi\u011fimizi almak istiyoruz&#8221; dedi.<br \/><\/p>\n","protected":false},"excerpt":{"rendered":"<p>Manisa S\u00fcper Amat\u00f6r Ligi Tak\u0131mlar\u0131ndan Selendi Belediyespor Yusuf Bulut Sezonunda rakibi Kula \u00dclk\u00fc Spor\u2019u 3-1 yenerek sezondaki ilk galibiyetini ald\u0131. Manisa S\u00fcper Amat\u00f6r Ligi Yusuf Bulut Sezonunda Selendi Belediyespor evinde Kula \u00dclk\u00fc Spor\u2019u a\u011f\u0131rlad\u0131. Selendi \u00dc\u00e7 Eyl\u00fcl Stad\u0131nda oynanan kar\u015f\u0131la\u015fmada G\u00f6khan\u2019\u0131n 40. dakikada att\u0131\u011f\u0131 golle Selendi Belediye Spor\u2019u 1-0 \u00f6ne ge\u00e7ti. \u0130lk yar\u0131 uzatmalar\u0131nda topla&#8230;<\/p>\n","protected":false},"author":1,"featured_media":14730,"comment_status":"open","ping_status":"open","sticky":false,"template":"","format":"standard","meta":{"_crdt_document":"","footnotes":""},"categories":[4],"tags":[],"class_list":["post-14729","post","type-post","status-publish","format-standard","has-post-thumbnail","hentry","category-spor"],"_links":{"self":[{"href":"https:\/\/www.egemtv.com\/index.php?rest_route=\/wp\/v2\/posts\/14729","targetHints":{"allow":["GET"]}}],"collection":[{"href":"https:\/\/www.egemtv.com\/index.php?rest_route=\/wp\/v2\/posts"}],"about":[{"href":"https:\/\/www.egemtv.com\/index.php?rest_route=\/wp\/v2\/types\/post"}],"author":[{"embeddable":true,"href":"https:\/\/www.egemtv.com\/index.php?rest_route=\/wp\/v2\/users\/1"}],"replies":[{"embeddable":true,"href":"https:\/\/www.egemtv.com\/index.php?rest_route=%2Fwp%2Fv2%2Fcomments&post=14729"}],"version-history":[{"count":1,"href":"https:\/\/www.egemtv.com\/index.php?rest_route=\/wp\/v2\/posts\/14729\/revisions"}],"predecessor-version":[{"id":14731,"href":"https:\/\/www.egemtv.com\/index.php?rest_route=\/wp\/v2\/posts\/14729\/revisions\/14731"}],"wp:featuredmedia":[{"embeddable":true,"href":"https:\/\/www.egemtv.com\/index.php?rest_route=\/wp\/v2\/media\/14730"}],"wp:attachment":[{"href":"https:\/\/www.egemtv.com\/index.php?rest_route=%2Fwp%2Fv2%2Fmedia&parent=14729"}],"wp:term":[{"taxonomy":"category","embeddable":true,"href":"https:\/\/www.egemtv.com\/index.php?rest_route=%2Fwp%2Fv2%2Fcategories&post=14729"},{"taxonomy":"post_tag","embeddable":true,"href":"https:\/\/www.egemtv.com\/index.php?rest_route=%2Fwp%2Fv2%2Ftags&post=14729"}],"curies":[{"name":"wp","href":"https:\/\/api.w.org\/{rel}","templated":true}]}}