{"id":14726,"date":"2025-02-03T09:51:47","date_gmt":"2025-02-03T06:51:47","guid":{"rendered":"https:\/\/www.egemtv.com\/?p=14726"},"modified":"2025-02-03T09:51:51","modified_gmt":"2025-02-03T06:51:51","slug":"aydinda-2024-2025-egitim-ogretim-yili-ikinci-donemi-basladi","status":"publish","type":"post","link":"https:\/\/www.egemtv.com\/?p=14726","title":{"rendered":"Ayd\u0131n\u2019da 2024-2025 E\u011fitim \u00d6\u011fretim Y\u0131l\u0131 \u0130kinci D\u00f6nemi ba\u015flad\u0131"},"content":{"rendered":"<p>Ayd\u0131n\u2019da 2024-2025 e\u011fitim \u00f6\u011fretim y\u0131l\u0131 s\u00f6mestr tatilinin yar\u0131n sona ermesi ile birlikte il genelindeki 189 bin 372 \u00f6\u011frenci i\u00e7in 2. d\u00f6nemin ilk ders zili \u00e7ald\u0131.<\/p>\n<p>\u00dclke genelinde oldu\u011fu gibi Ayd\u0131n\u2019da da 2024-25 E\u011fitim \u00d6\u011fretim y\u0131l\u0131nda s\u00f6mestr tatilinin sona ermesiyle birlikte binlerce \u00f6\u011frenci ikinci d\u00f6nem i\u00e7in okullara d\u00f6nd\u00fc. \u0130l genelinde 878 okulda e\u011fitim g\u00f6ren 189 bin 372 \u00f6\u011frenci yeni d\u00f6neme heyecanla ad\u0131m att\u0131. Ayr\u0131ca il genelindeki toplam 15 bin 727 \u00f6\u011fretmen de g\u00f6revlerine ba\u015flad\u0131.<br \/><\/p>\n","protected":false},"excerpt":{"rendered":"<p>Ayd\u0131n\u2019da 2024-2025 e\u011fitim \u00f6\u011fretim y\u0131l\u0131 s\u00f6mestr tatilinin yar\u0131n sona ermesi ile birlikte il genelindeki 189 bin 372 \u00f6\u011frenci i\u00e7in 2. d\u00f6nemin ilk ders zili \u00e7ald\u0131. \u00dclke genelinde oldu\u011fu gibi Ayd\u0131n\u2019da da 2024-25 E\u011fitim \u00d6\u011fretim y\u0131l\u0131nda s\u00f6mestr tatilinin sona ermesiyle birlikte binlerce \u00f6\u011frenci ikinci d\u00f6nem i\u00e7in okullara d\u00f6nd\u00fc. \u0130l genelinde 878 okulda e\u011fitim g\u00f6ren 189 bin&#8230;<\/p>\n","protected":false},"author":1,"featured_media":14727,"comment_status":"open","ping_status":"open","sticky":false,"template":"","format":"standard","meta":{"_crdt_document":"","footnotes":""},"categories":[1],"tags":[],"class_list":["post-14726","post","type-post","status-publish","format-standard","has-post-thumbnail","hentry","category-guncel"],"_links":{"self":[{"href":"https:\/\/www.egemtv.com\/index.php?rest_route=\/wp\/v2\/posts\/14726","targetHints":{"allow":["GET"]}}],"collection":[{"href":"https:\/\/www.egemtv.com\/index.php?rest_route=\/wp\/v2\/posts"}],"about":[{"href":"https:\/\/www.egemtv.com\/index.php?rest_route=\/wp\/v2\/types\/post"}],"author":[{"embeddable":true,"href":"https:\/\/www.egemtv.com\/index.php?rest_route=\/wp\/v2\/users\/1"}],"replies":[{"embeddable":true,"href":"https:\/\/www.egemtv.com\/index.php?rest_route=%2Fwp%2Fv2%2Fcomments&post=14726"}],"version-history":[{"count":1,"href":"https:\/\/www.egemtv.com\/index.php?rest_route=\/wp\/v2\/posts\/14726\/revisions"}],"predecessor-version":[{"id":14728,"href":"https:\/\/www.egemtv.com\/index.php?rest_route=\/wp\/v2\/posts\/14726\/revisions\/14728"}],"wp:featuredmedia":[{"embeddable":true,"href":"https:\/\/www.egemtv.com\/index.php?rest_route=\/wp\/v2\/media\/14727"}],"wp:attachment":[{"href":"https:\/\/www.egemtv.com\/index.php?rest_route=%2Fwp%2Fv2%2Fmedia&parent=14726"}],"wp:term":[{"taxonomy":"category","embeddable":true,"href":"https:\/\/www.egemtv.com\/index.php?rest_route=%2Fwp%2Fv2%2Fcategories&post=14726"},{"taxonomy":"post_tag","embeddable":true,"href":"https:\/\/www.egemtv.com\/index.php?rest_route=%2Fwp%2Fv2%2Ftags&post=14726"}],"curies":[{"name":"wp","href":"https:\/\/api.w.org\/{rel}","templated":true}]}}