{"id":14723,"date":"2025-02-03T09:51:41","date_gmt":"2025-02-03T06:51:41","guid":{"rendered":"https:\/\/www.egemtv.com\/?p=14723"},"modified":"2025-02-03T09:51:46","modified_gmt":"2025-02-03T06:51:46","slug":"dumanlarin-kapladigi-7-katli-rezidansta-yasanan-korku-dolu-anlar-yasandi","status":"publish","type":"post","link":"https:\/\/www.egemtv.com\/?p=14723","title":{"rendered":"Dumanlar\u0131n kaplad\u0131\u011f\u0131 7 katl\u0131 rezidansta ya\u015fanan korku dolu anlar ya\u015fand\u0131"},"content":{"rendered":"<p>Denizli\u2019de 7 katl\u0131 binan\u0131n \u00e7ama\u015f\u0131rhane odas\u0131nda \u00e7\u0131kan yang\u0131n nedeniyle mahsur kalan vatanda\u015flar\u0131n \u00e7ektikleri g\u00f6r\u00fcnt\u00fcler ortaya \u00e7\u0131kt\u0131. G\u00f6r\u00fcnt\u00fclerde dairelerinden \u00e7\u0131kan vatanda\u015flar\u0131n yo\u011fun duman nedeniyle \u00e7\u0131k\u0131\u015f\u0131 bulamad\u0131klar\u0131 g\u00f6r\u00fcld\u00fc.<br \/>\n<br \/>Denizli\u2019nin Pamukkale il\u00e7esi Asmal\u0131evler Mahallesi\u2019nde meydana gelen olayda, 7 katl\u0131 rezidans\u0131n \u00e7ama\u015f\u0131r odas\u0131nda yang\u0131n \u00e7\u0131kt\u0131. Yang\u0131n\u0131 s\u00f6nd\u00fcrmek isteyen rezidans \u00e7al\u0131\u015fanlar\u0131 yo\u011fun duman\u0131 tahliye etmek isterken, dumanlar katlara yay\u0131ld\u0131. Yang\u0131n\u0131n duyurulmas\u0131yla 15 odas\u0131n\u0131n dolu oldu\u011fu \u00f6\u011frenilen rezidansta bulunan vatanda\u015flar\u0131n bir k\u0131sm\u0131 kendi imkanlar\u0131yla \u00e7\u0131karken, bir k\u0131sm\u0131 ise yo\u011fun duman nedeniyle odalar\u0131nda mahsur kald\u0131. \u0130hbar \u00fczerine b\u00f6lgeye \u00e7ok say\u0131da itfaiye, sa\u011fl\u0131k ve polis ekibi sevk edildi. Polis ekipleri b\u00f6lgede geni\u015f g\u00fcvenlik \u00f6nlemleri al\u0131rken, itfaiye ekipleri ise bir yandan vatanda\u015flar\u0131 tahliye etme, di\u011fer yandan ise yang\u0131n\u0131 s\u00f6nd\u00fcrme \u00e7al\u0131\u015fmas\u0131 ba\u015flatt\u0131. \u0130tfaiye ekipleri taraf\u0131ndan 11 vatanda\u015f balkon ve pencerelerden tahliye edildi. Dumandan etkilenen 2 ki\u015fi tedbir amac\u0131yla ambulansla hastaneye sevk edilirken, sa\u011fl\u0131k durumlar\u0131n\u0131n ise iyi oldu\u011fu \u00f6\u011frenildi.<\/p>\n<p>Mahsur kalan vatanda\u015flar\u0131n o anlar cep telefonu g\u00f6r\u00fcnt\u00fclerine yans\u0131d\u0131<br \/>\n<br \/>Yang\u0131n sebebiyle rezidans\u0131n tamam\u0131n\u0131 kaplayan duman vatanda\u015flar\u0131n mahsur kalmas\u0131na neden oldu. Yo\u011fun duman nedeniyle nefes almakta g\u00fc\u00e7l\u00fck \u00e7eken vatanda\u015flar, \u00e7\u0131k\u0131\u015f\u0131 arad\u0131klar\u0131 anlar\u0131 cep telefonu g\u00f6r\u00fcnt\u00fclerine yans\u0131d\u0131. Rezidansta mahsur kalan bir vatanda\u015f, dairesinden \u00e7\u0131karak arkada\u015flar\u0131na seslendi\u011fi, daha sonra \u00e7\u0131k\u0131\u015f arad\u0131\u011f\u0131 g\u00f6r\u00fcl\u00fcyor. Nereden \u00e7\u0131kaca\u011f\u0131n\u0131 soran vatanda\u015fa bir ki\u015finin asans\u00f6rle zemin kata inmesini s\u00f6ylemesiyle asans\u00f6re y\u00f6neldi\u011fi g\u00f6r\u00fcl\u00fcyor. Asans\u00f6rle de a\u015fa\u011f\u0131ya inemeyen 5 ki\u015filik arkada\u015f grubunun daha sonra itfaiye ekipleri taraf\u0131ndan balkondan tahliye edildi\u011fi \u00f6\u011frenildi.<br \/><\/p>\n","protected":false},"excerpt":{"rendered":"<p>Denizli\u2019de 7 katl\u0131 binan\u0131n \u00e7ama\u015f\u0131rhane odas\u0131nda \u00e7\u0131kan yang\u0131n nedeniyle mahsur kalan vatanda\u015flar\u0131n \u00e7ektikleri g\u00f6r\u00fcnt\u00fcler ortaya \u00e7\u0131kt\u0131. G\u00f6r\u00fcnt\u00fclerde dairelerinden \u00e7\u0131kan vatanda\u015flar\u0131n yo\u011fun duman nedeniyle \u00e7\u0131k\u0131\u015f\u0131 bulamad\u0131klar\u0131 g\u00f6r\u00fcld\u00fc. Denizli\u2019nin Pamukkale il\u00e7esi Asmal\u0131evler Mahallesi\u2019nde meydana gelen olayda, 7 katl\u0131 rezidans\u0131n \u00e7ama\u015f\u0131r odas\u0131nda yang\u0131n \u00e7\u0131kt\u0131. Yang\u0131n\u0131 s\u00f6nd\u00fcrmek isteyen rezidans \u00e7al\u0131\u015fanlar\u0131 yo\u011fun duman\u0131 tahliye etmek isterken, dumanlar katlara yay\u0131ld\u0131. Yang\u0131n\u0131n&#8230;<\/p>\n","protected":false},"author":1,"featured_media":14724,"comment_status":"open","ping_status":"open","sticky":false,"template":"","format":"standard","meta":{"_crdt_document":"","footnotes":""},"categories":[5],"tags":[],"class_list":["post-14723","post","type-post","status-publish","format-standard","has-post-thumbnail","hentry","category-asayis"],"_links":{"self":[{"href":"https:\/\/www.egemtv.com\/index.php?rest_route=\/wp\/v2\/posts\/14723","targetHints":{"allow":["GET"]}}],"collection":[{"href":"https:\/\/www.egemtv.com\/index.php?rest_route=\/wp\/v2\/posts"}],"about":[{"href":"https:\/\/www.egemtv.com\/index.php?rest_route=\/wp\/v2\/types\/post"}],"author":[{"embeddable":true,"href":"https:\/\/www.egemtv.com\/index.php?rest_route=\/wp\/v2\/users\/1"}],"replies":[{"embeddable":true,"href":"https:\/\/www.egemtv.com\/index.php?rest_route=%2Fwp%2Fv2%2Fcomments&post=14723"}],"version-history":[{"count":1,"href":"https:\/\/www.egemtv.com\/index.php?rest_route=\/wp\/v2\/posts\/14723\/revisions"}],"predecessor-version":[{"id":14725,"href":"https:\/\/www.egemtv.com\/index.php?rest_route=\/wp\/v2\/posts\/14723\/revisions\/14725"}],"wp:featuredmedia":[{"embeddable":true,"href":"https:\/\/www.egemtv.com\/index.php?rest_route=\/wp\/v2\/media\/14724"}],"wp:attachment":[{"href":"https:\/\/www.egemtv.com\/index.php?rest_route=%2Fwp%2Fv2%2Fmedia&parent=14723"}],"wp:term":[{"taxonomy":"category","embeddable":true,"href":"https:\/\/www.egemtv.com\/index.php?rest_route=%2Fwp%2Fv2%2Fcategories&post=14723"},{"taxonomy":"post_tag","embeddable":true,"href":"https:\/\/www.egemtv.com\/index.php?rest_route=%2Fwp%2Fv2%2Ftags&post=14723"}],"curies":[{"name":"wp","href":"https:\/\/api.w.org\/{rel}","templated":true}]}}