{"id":14720,"date":"2025-02-03T09:51:36","date_gmt":"2025-02-03T06:51:36","guid":{"rendered":"https:\/\/www.egemtv.com\/?p=14720"},"modified":"2025-02-03T09:51:41","modified_gmt":"2025-02-03T06:51:41","slug":"nazillili-gazeteci-ertemoz-hayatini-kaybetti","status":"publish","type":"post","link":"https:\/\/www.egemtv.com\/?p=14720","title":{"rendered":"Nazillili gazeteci Ertem\u00f6z hayat\u0131n\u0131 kaybetti"},"content":{"rendered":"<p>Ayd\u0131n\u2019\u0131n Nazilli il\u00e7esinde gazeteci Birol Ertem\u00f6z hayat\u0131n\u0131 kaybetti.<\/p>\n<p>Nazilli\u2019de uzun y\u0131llard\u0131r gazetecilik yapan Birol Ertem\u00f6z 79 ya\u015f\u0131nda hayata g\u00f6zlerini kapad\u0131. Gazeteci Ertem\u00f6z\u2019\u00fcn \u00f6l\u00fcm haberi t\u00fcm sevenlerini yasa bo\u011farken, Nazilli Belediye Ba\u015fkan\u0131 Dr. Ertu\u011frul Tetik de ba\u015fsa\u011fl\u0131\u011f\u0131 mesaj\u0131 yay\u0131mlad\u0131. Ba\u015fkan Tetik yapt\u0131\u011f\u0131 sosyal medya payla\u015f\u0131m\u0131nda, &#8220;Nazillimizin duayen gazetecilerinden Birol Ertem\u00f6z\u2019\u00fcn vefat\u0131n\u0131 derin bir \u00fcz\u00fcnt\u00fcyle \u00f6\u011frenmi\u015f bulunmaktay\u0131m. De\u011ferli Ertem\u00f6z\u2019e Allah\u2019tan rahmet sevenlerine ve bas\u0131n camias\u0131na ba\u015fsa\u011fl\u0131\u011f\u0131 diliyorum&#8221; ifadelerine yer verdi.<\/p>\n<p>Ertem\u00f6z\u2019\u00fcn bug\u00fcn \u00f6\u011fle namaz\u0131na m\u00fcteakip Koca Camii\u2019den k\u0131l\u0131nacak cenaze namaz\u0131n\u0131n ard\u0131ndan E\u011friboyun Mezarl\u0131\u011f\u0131\u2019nda defnedilece\u011fi \u00f6\u011frenildi.<br \/><\/p>\n","protected":false},"excerpt":{"rendered":"<p>Ayd\u0131n\u2019\u0131n Nazilli il\u00e7esinde gazeteci Birol Ertem\u00f6z hayat\u0131n\u0131 kaybetti. Nazilli\u2019de uzun y\u0131llard\u0131r gazetecilik yapan Birol Ertem\u00f6z 79 ya\u015f\u0131nda hayata g\u00f6zlerini kapad\u0131. Gazeteci Ertem\u00f6z\u2019\u00fcn \u00f6l\u00fcm haberi t\u00fcm sevenlerini yasa bo\u011farken, Nazilli Belediye Ba\u015fkan\u0131 Dr. Ertu\u011frul Tetik de ba\u015fsa\u011fl\u0131\u011f\u0131 mesaj\u0131 yay\u0131mlad\u0131. Ba\u015fkan Tetik yapt\u0131\u011f\u0131 sosyal medya payla\u015f\u0131m\u0131nda, &#8220;Nazillimizin duayen gazetecilerinden Birol Ertem\u00f6z\u2019\u00fcn vefat\u0131n\u0131 derin bir \u00fcz\u00fcnt\u00fcyle \u00f6\u011frenmi\u015f bulunmaktay\u0131m&#8230;.<\/p>\n","protected":false},"author":1,"featured_media":14721,"comment_status":"open","ping_status":"open","sticky":false,"template":"","format":"standard","meta":{"_crdt_document":"","footnotes":""},"categories":[1],"tags":[],"class_list":["post-14720","post","type-post","status-publish","format-standard","has-post-thumbnail","hentry","category-guncel"],"_links":{"self":[{"href":"https:\/\/www.egemtv.com\/index.php?rest_route=\/wp\/v2\/posts\/14720","targetHints":{"allow":["GET"]}}],"collection":[{"href":"https:\/\/www.egemtv.com\/index.php?rest_route=\/wp\/v2\/posts"}],"about":[{"href":"https:\/\/www.egemtv.com\/index.php?rest_route=\/wp\/v2\/types\/post"}],"author":[{"embeddable":true,"href":"https:\/\/www.egemtv.com\/index.php?rest_route=\/wp\/v2\/users\/1"}],"replies":[{"embeddable":true,"href":"https:\/\/www.egemtv.com\/index.php?rest_route=%2Fwp%2Fv2%2Fcomments&post=14720"}],"version-history":[{"count":1,"href":"https:\/\/www.egemtv.com\/index.php?rest_route=\/wp\/v2\/posts\/14720\/revisions"}],"predecessor-version":[{"id":14722,"href":"https:\/\/www.egemtv.com\/index.php?rest_route=\/wp\/v2\/posts\/14720\/revisions\/14722"}],"wp:featuredmedia":[{"embeddable":true,"href":"https:\/\/www.egemtv.com\/index.php?rest_route=\/wp\/v2\/media\/14721"}],"wp:attachment":[{"href":"https:\/\/www.egemtv.com\/index.php?rest_route=%2Fwp%2Fv2%2Fmedia&parent=14720"}],"wp:term":[{"taxonomy":"category","embeddable":true,"href":"https:\/\/www.egemtv.com\/index.php?rest_route=%2Fwp%2Fv2%2Fcategories&post=14720"},{"taxonomy":"post_tag","embeddable":true,"href":"https:\/\/www.egemtv.com\/index.php?rest_route=%2Fwp%2Fv2%2Ftags&post=14720"}],"curies":[{"name":"wp","href":"https:\/\/api.w.org\/{rel}","templated":true}]}}