{"id":14717,"date":"2025-02-03T09:51:31","date_gmt":"2025-02-03T06:51:31","guid":{"rendered":"https:\/\/www.egemtv.com\/?p=14717"},"modified":"2025-02-03T09:51:36","modified_gmt":"2025-02-03T06:51:36","slug":"bir-haftada-114-aranan-sahis-yakalandi","status":"publish","type":"post","link":"https:\/\/www.egemtv.com\/?p=14717","title":{"rendered":"Bir haftada 114 aranan \u015fah\u0131s yakaland\u0131"},"content":{"rendered":"<p>Ayd\u0131n\u2019da emniyet ekiplerince yap\u0131lan bir haftal\u0131k \u00e7al\u0131\u015fmalarda 114 aranan \u015fah\u0131s yakaland\u0131, 54 \u015fah\u0131s tutukland\u0131.<\/p>\n<p>Ayd\u0131n \u0130l Emniyet M\u00fcd\u00fcrl\u00fc\u011f\u00fc koordinesinde aranan \u015fah\u0131slar\u0131n yakalanmas\u0131na y\u00f6nelik y\u00fcr\u00fct\u00fclen \u00e7al\u0131\u015fmalar aral\u0131ks\u0131z s\u00fcr\u00fcyor. Bu \u00e7er\u00e7evede 27 Ocak &#8211; 2 \u015eubat tarihleri aras\u0131nda ger\u00e7ekle\u015ftirilen \u00e7al\u0131\u015fmalarda 21 bin 217 \u015fahs\u0131n sorgusu yap\u0131ld\u0131. Yap\u0131lan sorgulama ve \u00e7al\u0131\u015fmalar sonucunda \u00e7e\u015fitli su\u00e7lardan arand\u0131\u011f\u0131 tespit edilen 114 \u015fah\u0131s yakaland\u0131, 54 \u015fah\u0131s tutukland\u0131. Yap\u0131lan aramalarda ise 14 adet tabanca, 2 adet pompal\u0131 t\u00fcfek, 92 adet fi\u015fek, 1 adet \u00e7al\u0131nt\u0131 otomobil, 146 gram uyu\u015fturucu madde, 31 adet uyu\u015fturucu hap ele ge\u00e7irildi. Ayr\u0131ca faili me\u00e7hul 28 h\u0131rs\u0131zl\u0131k olay\u0131 da ayd\u0131nlat\u0131ld\u0131. Trafik y\u00f6n\u00fcnden yap\u0131lan \u00e7al\u0131\u015fmalarda da 19 bin 164 arac\u0131n sorgusu yap\u0131ld\u0131. Trafik kurallar\u0131na uymad\u0131\u011f\u0131 tespit edilen 95 ara\u00e7 trafikten men edilirken, 4 bin 345 ara\u00e7 s\u00fcr\u00fcc\u00fcs\u00fcne de cezai i\u015flem uyguland\u0131.<br \/><\/p>\n","protected":false},"excerpt":{"rendered":"<p>Ayd\u0131n\u2019da emniyet ekiplerince yap\u0131lan bir haftal\u0131k \u00e7al\u0131\u015fmalarda 114 aranan \u015fah\u0131s yakaland\u0131, 54 \u015fah\u0131s tutukland\u0131. Ayd\u0131n \u0130l Emniyet M\u00fcd\u00fcrl\u00fc\u011f\u00fc koordinesinde aranan \u015fah\u0131slar\u0131n yakalanmas\u0131na y\u00f6nelik y\u00fcr\u00fct\u00fclen \u00e7al\u0131\u015fmalar aral\u0131ks\u0131z s\u00fcr\u00fcyor. Bu \u00e7er\u00e7evede 27 Ocak &#8211; 2 \u015eubat tarihleri aras\u0131nda ger\u00e7ekle\u015ftirilen \u00e7al\u0131\u015fmalarda 21 bin 217 \u015fahs\u0131n sorgusu yap\u0131ld\u0131. Yap\u0131lan sorgulama ve \u00e7al\u0131\u015fmalar sonucunda \u00e7e\u015fitli su\u00e7lardan arand\u0131\u011f\u0131 tespit edilen 114&#8230;<\/p>\n","protected":false},"author":1,"featured_media":14718,"comment_status":"open","ping_status":"open","sticky":false,"template":"","format":"standard","meta":{"_crdt_document":"","footnotes":""},"categories":[5],"tags":[],"class_list":["post-14717","post","type-post","status-publish","format-standard","has-post-thumbnail","hentry","category-asayis"],"_links":{"self":[{"href":"https:\/\/www.egemtv.com\/index.php?rest_route=\/wp\/v2\/posts\/14717","targetHints":{"allow":["GET"]}}],"collection":[{"href":"https:\/\/www.egemtv.com\/index.php?rest_route=\/wp\/v2\/posts"}],"about":[{"href":"https:\/\/www.egemtv.com\/index.php?rest_route=\/wp\/v2\/types\/post"}],"author":[{"embeddable":true,"href":"https:\/\/www.egemtv.com\/index.php?rest_route=\/wp\/v2\/users\/1"}],"replies":[{"embeddable":true,"href":"https:\/\/www.egemtv.com\/index.php?rest_route=%2Fwp%2Fv2%2Fcomments&post=14717"}],"version-history":[{"count":1,"href":"https:\/\/www.egemtv.com\/index.php?rest_route=\/wp\/v2\/posts\/14717\/revisions"}],"predecessor-version":[{"id":14719,"href":"https:\/\/www.egemtv.com\/index.php?rest_route=\/wp\/v2\/posts\/14717\/revisions\/14719"}],"wp:featuredmedia":[{"embeddable":true,"href":"https:\/\/www.egemtv.com\/index.php?rest_route=\/wp\/v2\/media\/14718"}],"wp:attachment":[{"href":"https:\/\/www.egemtv.com\/index.php?rest_route=%2Fwp%2Fv2%2Fmedia&parent=14717"}],"wp:term":[{"taxonomy":"category","embeddable":true,"href":"https:\/\/www.egemtv.com\/index.php?rest_route=%2Fwp%2Fv2%2Fcategories&post=14717"},{"taxonomy":"post_tag","embeddable":true,"href":"https:\/\/www.egemtv.com\/index.php?rest_route=%2Fwp%2Fv2%2Ftags&post=14717"}],"curies":[{"name":"wp","href":"https:\/\/api.w.org\/{rel}","templated":true}]}}