{"id":14714,"date":"2025-02-03T09:22:18","date_gmt":"2025-02-03T06:22:18","guid":{"rendered":"https:\/\/www.egemtv.com\/?p=14714"},"modified":"2025-02-03T09:22:23","modified_gmt":"2025-02-03T06:22:23","slug":"calisarak-sagligini-koruyor-ve-ekonomik-refahini-sagliyor","status":"publish","type":"post","link":"https:\/\/www.egemtv.com\/?p=14714","title":{"rendered":"\u00c7al\u0131\u015farak sa\u011fl\u0131\u011f\u0131n\u0131 koruyor ve ekonomik refah\u0131n\u0131 sa\u011fl\u0131yor"},"content":{"rendered":"<p>Ayd\u0131n\u2019\u0131n Efeler il\u00e7esinde k\u0131\u015f sebzelerinin hasad\u0131n\u0131 kad\u0131nlar hummal\u0131 bir \u015fekilde ger\u00e7ekle\u015ftirerek ev ekonomilerine kats\u0131 sa\u011fl\u0131yor. 40 y\u0131ld\u0131r tarlada \u00e7al\u0131\u015farak ge\u00e7imini sa\u011flayan Pembe Kayaba\u015f, \u00e7al\u0131\u015fman\u0131n hem ekonomik hem de sa\u011fl\u0131k anlam\u0131nda huzur verdi\u011fini s\u00f6yledi.<\/p>\n<p>Efeler il\u00e7esinin \u00c7e\u015ftepe Mahallesinde k\u0131\u015f aylar\u0131nda bolca t\u00fcketilen p\u0131rasa hasad\u0131 s\u00fcr\u00fcyor. Tarlada i\u015f\u00e7iler, hummal\u0131 bir \u015fekilde \u00e7al\u0131\u015farak p\u0131rasalar\u0131 tek tek k\u00f6k\u00fcnden \u00e7\u0131kar\u0131p temizledikten sonra suda y\u0131kay\u0131p al\u0131c\u0131ya teslim ediyor. 40 y\u0131ld\u0131r ayn\u0131 tarlada \u00e7al\u0131\u015fan 70 ya\u015f\u0131ndaki Pembe Kayaba\u015f, sezonuna g\u00f6re farkl\u0131 \u00fcr\u00fcnler hasat ederek evinin ge\u00e7imine katk\u0131 sunuyor.<\/p>\n<p>So\u011fuk havaya ra\u011fmen tarlada hasada devam eden Kayaba\u015f, &#8220;K\u0131\u015f\u0131n enginar, kereviz, pancar, p\u0131rasa, yaz\u0131n ise domates, enginar i\u015fi yap\u0131yoruz. Haftan\u0131n her g\u00fcn\u00fc \u00e7al\u0131\u015f\u0131yoruz. Yaz\u0131n bazen bo\u015f kald\u0131\u011f\u0131m\u0131z oluyor. Bu i\u015fi severek yap\u0131yorum. Bu toplad\u0131\u011f\u0131m\u0131z \u00fcr\u00fcnleri yemesini de seviyorum. 40 y\u0131ld\u0131r burada \u00e7al\u0131\u015f\u0131yorum. Buray\u0131 kendi tarlam gibi belliyorum. Biz sipari\u015fe g\u00f6re \u00e7al\u0131\u015f\u0131yoruz. P\u0131rasay\u0131 \u00e7ekerek s\u00f6k\u00fcyoruz. \u00c7\u0131kmayanlar\u0131 k\u00fcrek yard\u0131m\u0131 ile \u00e7\u0131kar\u0131yoruz. Sonra temizliyoruz. Tarladan al\u0131p g\u00f6t\u00fcr\u00fcyorlar y\u0131k\u0131yorlar. Ba\u011flay\u0131p ba\u011f olarak sipari\u015f verene teslim ediliyor. Biz g\u00fcnl\u00fck 700 lira yevmiye ile \u00e7al\u0131\u015f\u0131yoruz. Ayl\u0131\u011f\u0131m\u0131z 21 bin lira. Allah bereket versin&#8221; dedi.<\/p>\n<p>Kayaba\u015f, imkan\u0131 ve sa\u011fl\u0131\u011f\u0131 m\u00fcsait olan herkesi \u00e7al\u0131\u015fmaya davet ederek, &#8220;Herkes \u00e7al\u0131\u015fs\u0131n. \u00c7al\u0131\u015fmak ay\u0131p de\u011fil. \u00c7al\u0131\u015fman\u0131n ya\u015f\u0131 olmaz. Millet karton, \u015fi\u015fe toplay\u0131p ge\u00e7imini sa\u011fl\u0131yor. Ayd\u0131n\u2019da i\u015f s\u0131k\u0131nt\u0131s\u0131 bence yok. \u0130stedikten sonra i\u015f \u00e7ok. Ben tarlalarda \u00e7al\u0131\u015farak hem kendimin hem de e\u015fimin iste\u011fe ba\u011fl\u0131 sigortas\u0131n\u0131 yat\u0131rd\u0131m ve emekli olduk. Evinize katk\u0131da bulunursunuz. Erkeklerden para istemektense \u00e7al\u0131\u015fmak \u00e7ok g\u00fczel. Hala \u00e7al\u0131\u015f\u0131yorum. \u0130\u015fimi de seviyorum. \u00c7al\u0131\u015f\u0131nca hem sa\u011fl\u0131\u011f\u0131n\u0131z\u0131 da koruyorsunuz. Hastalanm\u0131yorsunuz. \u00c7al\u0131\u015fmak hem ekonomik anlamda hem sa\u011fl\u0131k anlamda size huzur verir&#8221; diye konu\u015ftu.<br \/><\/p>\n","protected":false},"excerpt":{"rendered":"<p>Ayd\u0131n\u2019\u0131n Efeler il\u00e7esinde k\u0131\u015f sebzelerinin hasad\u0131n\u0131 kad\u0131nlar hummal\u0131 bir \u015fekilde ger\u00e7ekle\u015ftirerek ev ekonomilerine kats\u0131 sa\u011fl\u0131yor. 40 y\u0131ld\u0131r tarlada \u00e7al\u0131\u015farak ge\u00e7imini sa\u011flayan Pembe Kayaba\u015f, \u00e7al\u0131\u015fman\u0131n hem ekonomik hem de sa\u011fl\u0131k anlam\u0131nda huzur verdi\u011fini s\u00f6yledi. Efeler il\u00e7esinin \u00c7e\u015ftepe Mahallesinde k\u0131\u015f aylar\u0131nda bolca t\u00fcketilen p\u0131rasa hasad\u0131 s\u00fcr\u00fcyor. Tarlada i\u015f\u00e7iler, hummal\u0131 bir \u015fekilde \u00e7al\u0131\u015farak p\u0131rasalar\u0131 tek tek k\u00f6k\u00fcnden \u00e7\u0131kar\u0131p&#8230;<\/p>\n","protected":false},"author":1,"featured_media":14715,"comment_status":"open","ping_status":"open","sticky":false,"template":"","format":"standard","meta":{"_crdt_document":"","footnotes":""},"categories":[123],"tags":[],"class_list":["post-14714","post","type-post","status-publish","format-standard","has-post-thumbnail","hentry","category-gundem"],"_links":{"self":[{"href":"https:\/\/www.egemtv.com\/index.php?rest_route=\/wp\/v2\/posts\/14714","targetHints":{"allow":["GET"]}}],"collection":[{"href":"https:\/\/www.egemtv.com\/index.php?rest_route=\/wp\/v2\/posts"}],"about":[{"href":"https:\/\/www.egemtv.com\/index.php?rest_route=\/wp\/v2\/types\/post"}],"author":[{"embeddable":true,"href":"https:\/\/www.egemtv.com\/index.php?rest_route=\/wp\/v2\/users\/1"}],"replies":[{"embeddable":true,"href":"https:\/\/www.egemtv.com\/index.php?rest_route=%2Fwp%2Fv2%2Fcomments&post=14714"}],"version-history":[{"count":1,"href":"https:\/\/www.egemtv.com\/index.php?rest_route=\/wp\/v2\/posts\/14714\/revisions"}],"predecessor-version":[{"id":14716,"href":"https:\/\/www.egemtv.com\/index.php?rest_route=\/wp\/v2\/posts\/14714\/revisions\/14716"}],"wp:featuredmedia":[{"embeddable":true,"href":"https:\/\/www.egemtv.com\/index.php?rest_route=\/wp\/v2\/media\/14715"}],"wp:attachment":[{"href":"https:\/\/www.egemtv.com\/index.php?rest_route=%2Fwp%2Fv2%2Fmedia&parent=14714"}],"wp:term":[{"taxonomy":"category","embeddable":true,"href":"https:\/\/www.egemtv.com\/index.php?rest_route=%2Fwp%2Fv2%2Fcategories&post=14714"},{"taxonomy":"post_tag","embeddable":true,"href":"https:\/\/www.egemtv.com\/index.php?rest_route=%2Fwp%2Fv2%2Ftags&post=14714"}],"curies":[{"name":"wp","href":"https:\/\/api.w.org\/{rel}","templated":true}]}}