{"id":14711,"date":"2025-02-03T09:07:15","date_gmt":"2025-02-03T06:07:15","guid":{"rendered":"https:\/\/www.egemtv.com\/?p=14711"},"modified":"2025-02-03T09:07:16","modified_gmt":"2025-02-03T06:07:16","slug":"baskan-kadir-tatik-almanya-ve-avusturyada-gurbetcilerle-bir-araya-geldi","status":"publish","type":"post","link":"https:\/\/www.egemtv.com\/?p=14711","title":{"rendered":"Ba\u015fkan Kadir Tat\u0131k, Almanya ve Avusturya\u2019da gurbet\u00e7ilerle bir araya geldi"},"content":{"rendered":"<p>DEN\u0130ZL\u0130 (\u0130HA) \u2013 Tavas Belediye Ba\u015fkan\u0131 Kadir Tat\u0131k, Almanya ve Avusturya\u2019da ger\u00e7ekle\u015ftirdi\u011fi ziyaretinde gurbet\u00e7i hem\u015fehrileriyle bir araya geldi.<\/p>\n<p>Tavas Belediye Ba\u015fkan\u0131 Kadir Tat\u0131k, e\u015fi Dilek Tat\u0131k ile birlikte Almanya ve Avusturya\u2019da temaslarda bulundu. Avusturya\u2019n\u0131n Lustenau kentinde Tavas &#8211; K\u0131z\u0131lcal\u0131 hem\u015fehrileriyle bir araya gelen Ba\u015fkan Tat\u0131k, Avust\u0131rya &#8211; Bregenz Ba\u015fkonsolosu Asiye Nurcan \u0130pek\u00e7i\u2019yi  ziyaret etti. Ba\u015fkan Tat\u0131k, Almanya\u2019n\u0131n Unterelchingen kentinde d\u00fczenlenen 20. Geleneksel K\u0131z\u0131lcal\u0131lar K\u00fclt\u00fcr ve Dayan\u0131\u015fma Gecesinde ise gurbette ya\u015fayan hem\u015fehrileriyle bir araya gelerek, hasret giderdi.<\/p>\n<p>Ba\u015fkan Kadir Tat\u0131k, Avusturya ve Almanya temaslar\u0131yla ilgili yapt\u0131\u011f\u0131 a\u00e7\u0131klamada; &#8220;Avusturya \u2013 Lustenau\u2019yada K\u0131z\u0131lcal\u0131 hem\u015fehrimizle bir araya geldik. Bregenz Ba\u015fkonsolosu Asiye Nurcan \u0130pek\u00e7i\u2019ye ziyaretimiz s\u0131ras\u0131nda Terakota serami\u011fi takdim ettik. Nazik ev sahipli\u011fi i\u00e7in kendilerine te\u015fekk\u00fcr ederiz.  20. Geleneksel K\u0131z\u0131lcal\u0131lar K\u00fclt\u00fcr ve Dayan\u0131\u015fma Gecesinde ise gurbetteki hem\u015fehrilerimizle bulu\u015ftuk. Denizli\u2019mizin e\u015fsiz halk oyunlar\u0131 ile ba\u015flayan bu anlaml\u0131 gecede, dayan\u0131\u015fma ve birlik duygular\u0131m\u0131z\u0131 peki\u015ftirdik. Geleneklerimizi ya\u015fatman\u0131n ve bu g\u00fczel atmosferde bulu\u015fman\u0131n mutlulu\u011funu ya\u015fad\u0131k. Kat\u0131lan ve destek veren t\u00fcm hem\u015fehrilerimize g\u00f6n\u00fclden te\u015fekk\u00fcr ederiz. Bu organizasyona kat\u0131l\u0131m ve di\u011fer t\u00fcm masraflar, tamamen kendi imkanlar\u0131m\u0131z ve gurbet\u00e7i karde\u015flerimizin misafirperverli\u011fi ile kar\u015f\u0131lanm\u0131\u015ft\u0131r&#8221; dedi.<br \/><\/p>\n","protected":false},"excerpt":{"rendered":"<p>DEN\u0130ZL\u0130 (\u0130HA) \u2013 Tavas Belediye Ba\u015fkan\u0131 Kadir Tat\u0131k, Almanya ve Avusturya\u2019da ger\u00e7ekle\u015ftirdi\u011fi ziyaretinde gurbet\u00e7i hem\u015fehrileriyle bir araya geldi. Tavas Belediye Ba\u015fkan\u0131 Kadir Tat\u0131k, e\u015fi Dilek Tat\u0131k ile birlikte Almanya ve Avusturya\u2019da temaslarda bulundu. Avusturya\u2019n\u0131n Lustenau kentinde Tavas &#8211; K\u0131z\u0131lcal\u0131 hem\u015fehrileriyle bir araya gelen Ba\u015fkan Tat\u0131k, Avust\u0131rya &#8211; Bregenz Ba\u015fkonsolosu Asiye Nurcan \u0130pek\u00e7i\u2019yi ziyaret etti. Ba\u015fkan&#8230;<\/p>\n","protected":false},"author":1,"featured_media":14712,"comment_status":"open","ping_status":"open","sticky":false,"template":"","format":"standard","meta":{"_crdt_document":"","footnotes":""},"categories":[123],"tags":[],"class_list":["post-14711","post","type-post","status-publish","format-standard","has-post-thumbnail","hentry","category-gundem"],"_links":{"self":[{"href":"https:\/\/www.egemtv.com\/index.php?rest_route=\/wp\/v2\/posts\/14711","targetHints":{"allow":["GET"]}}],"collection":[{"href":"https:\/\/www.egemtv.com\/index.php?rest_route=\/wp\/v2\/posts"}],"about":[{"href":"https:\/\/www.egemtv.com\/index.php?rest_route=\/wp\/v2\/types\/post"}],"author":[{"embeddable":true,"href":"https:\/\/www.egemtv.com\/index.php?rest_route=\/wp\/v2\/users\/1"}],"replies":[{"embeddable":true,"href":"https:\/\/www.egemtv.com\/index.php?rest_route=%2Fwp%2Fv2%2Fcomments&post=14711"}],"version-history":[{"count":1,"href":"https:\/\/www.egemtv.com\/index.php?rest_route=\/wp\/v2\/posts\/14711\/revisions"}],"predecessor-version":[{"id":14713,"href":"https:\/\/www.egemtv.com\/index.php?rest_route=\/wp\/v2\/posts\/14711\/revisions\/14713"}],"wp:featuredmedia":[{"embeddable":true,"href":"https:\/\/www.egemtv.com\/index.php?rest_route=\/wp\/v2\/media\/14712"}],"wp:attachment":[{"href":"https:\/\/www.egemtv.com\/index.php?rest_route=%2Fwp%2Fv2%2Fmedia&parent=14711"}],"wp:term":[{"taxonomy":"category","embeddable":true,"href":"https:\/\/www.egemtv.com\/index.php?rest_route=%2Fwp%2Fv2%2Fcategories&post=14711"},{"taxonomy":"post_tag","embeddable":true,"href":"https:\/\/www.egemtv.com\/index.php?rest_route=%2Fwp%2Fv2%2Ftags&post=14711"}],"curies":[{"name":"wp","href":"https:\/\/api.w.org\/{rel}","templated":true}]}}