{"id":14708,"date":"2025-02-03T09:01:54","date_gmt":"2025-02-03T06:01:54","guid":{"rendered":"https:\/\/www.egemtv.com\/?p=14708"},"modified":"2025-02-03T09:01:59","modified_gmt":"2025-02-03T06:01:59","slug":"kazada-olen-gencten-geriye-son-goruntuleri-kaldi","status":"publish","type":"post","link":"https:\/\/www.egemtv.com\/?p=14708","title":{"rendered":"Kazada \u00f6len gen\u00e7ten geriye son g\u00f6r\u00fcnt\u00fcleri kald\u0131"},"content":{"rendered":"<p>Denizli\u2019nin Pamukkale il\u00e7esinde gen\u00e7 motosiklet s\u00fcr\u00fcc\u00fcs\u00fc park halindeki hafif ticari araca \u00e7arp\u0131ktan sonra savruldu. Kazada a\u011f\u0131r yaralanan gen\u00e7 kald\u0131r\u0131ld\u0131\u011f\u0131 hastanede yap\u0131lan t\u00fcm m\u00fcdahalelere ra\u011fmen hayat\u0131n\u0131 kaybetti. Gen\u00e7ten geriye oyun oynad\u0131\u011f\u0131 esnada e\u011flenirken \u00e7ekilmi\u015f g\u00f6r\u00fcnt\u00fcleri kald\u0131.<br \/>\n<br \/>Kaza, Pamukkale il\u00e7esi Aktepe Mahallesi\u2019nde meydana geldi. Edinilen bilgilere g\u00f6re, seyir halindeyken direksiyon hakimiyetini kaybeden Tolunay All\u0131n (17) idaresindeki 20 ALU 490 plakal\u0131 motosiklet, park halindeki 06 DMG 188 plakal\u0131 hafif ticari araca \u00e7arpt\u0131. \u00c7arpman\u0131n etkisiyle gen\u00e7 s\u00fcr\u00fcc\u00fc savruldu. \u00c7evredeki vatanda\u015flar durumu 112 Acil \u00c7a\u011fr\u0131 Merkezi\u2019ne bildirdi. \u0130hbar \u00fczerine olay yerine sa\u011fl\u0131k ve polis ekipleri sevk edildi.<br \/>\n<br \/>Olay yerine gelen sa\u011fl\u0131k ekipleri a\u011f\u0131r yaralanan All\u0131n\u2019\u0131 olay yerinde ilk tedavilerini yapt\u0131ktan sonra ambulans ile hastaneye sevk etti. Hastaneye kald\u0131r\u0131lan All\u0131n, burada yap\u0131lan t\u00fcm m\u00fcdahalelere ra\u011fmen kurtar\u0131lamad\u0131.<br \/>\n<br \/>All\u0131n\u2019\u0131n \u00f6l\u00fcm\u00fcn\u00fc duyan sevenleri yasa bo\u011fuldu. Gen\u00e7 motosiklet s\u00fcr\u00fcc\u00fcs\u00fcnden geriye ise oyun oynad\u0131\u011f\u0131 esnada e\u011flenirken \u00e7ekilmi\u015f g\u00f6r\u00fcnt\u00fcleri kald\u0131. Kazayla ilgili soru\u015fturma ba\u015flat\u0131ld\u0131.<br \/><\/p>\n","protected":false},"excerpt":{"rendered":"<p>Denizli\u2019nin Pamukkale il\u00e7esinde gen\u00e7 motosiklet s\u00fcr\u00fcc\u00fcs\u00fc park halindeki hafif ticari araca \u00e7arp\u0131ktan sonra savruldu. Kazada a\u011f\u0131r yaralanan gen\u00e7 kald\u0131r\u0131ld\u0131\u011f\u0131 hastanede yap\u0131lan t\u00fcm m\u00fcdahalelere ra\u011fmen hayat\u0131n\u0131 kaybetti. Gen\u00e7ten geriye oyun oynad\u0131\u011f\u0131 esnada e\u011flenirken \u00e7ekilmi\u015f g\u00f6r\u00fcnt\u00fcleri kald\u0131. Kaza, Pamukkale il\u00e7esi Aktepe Mahallesi\u2019nde meydana geldi. Edinilen bilgilere g\u00f6re, seyir halindeyken direksiyon hakimiyetini kaybeden Tolunay All\u0131n (17) idaresindeki 20&#8230;<\/p>\n","protected":false},"author":1,"featured_media":14709,"comment_status":"open","ping_status":"open","sticky":false,"template":"","format":"standard","meta":{"_crdt_document":"","footnotes":""},"categories":[5],"tags":[],"class_list":["post-14708","post","type-post","status-publish","format-standard","has-post-thumbnail","hentry","category-asayis"],"_links":{"self":[{"href":"https:\/\/www.egemtv.com\/index.php?rest_route=\/wp\/v2\/posts\/14708","targetHints":{"allow":["GET"]}}],"collection":[{"href":"https:\/\/www.egemtv.com\/index.php?rest_route=\/wp\/v2\/posts"}],"about":[{"href":"https:\/\/www.egemtv.com\/index.php?rest_route=\/wp\/v2\/types\/post"}],"author":[{"embeddable":true,"href":"https:\/\/www.egemtv.com\/index.php?rest_route=\/wp\/v2\/users\/1"}],"replies":[{"embeddable":true,"href":"https:\/\/www.egemtv.com\/index.php?rest_route=%2Fwp%2Fv2%2Fcomments&post=14708"}],"version-history":[{"count":1,"href":"https:\/\/www.egemtv.com\/index.php?rest_route=\/wp\/v2\/posts\/14708\/revisions"}],"predecessor-version":[{"id":14710,"href":"https:\/\/www.egemtv.com\/index.php?rest_route=\/wp\/v2\/posts\/14708\/revisions\/14710"}],"wp:featuredmedia":[{"embeddable":true,"href":"https:\/\/www.egemtv.com\/index.php?rest_route=\/wp\/v2\/media\/14709"}],"wp:attachment":[{"href":"https:\/\/www.egemtv.com\/index.php?rest_route=%2Fwp%2Fv2%2Fmedia&parent=14708"}],"wp:term":[{"taxonomy":"category","embeddable":true,"href":"https:\/\/www.egemtv.com\/index.php?rest_route=%2Fwp%2Fv2%2Fcategories&post=14708"},{"taxonomy":"post_tag","embeddable":true,"href":"https:\/\/www.egemtv.com\/index.php?rest_route=%2Fwp%2Fv2%2Ftags&post=14708"}],"curies":[{"name":"wp","href":"https:\/\/api.w.org\/{rel}","templated":true}]}}