{"id":14705,"date":"2025-02-02T22:55:42","date_gmt":"2025-02-02T19:55:42","guid":{"rendered":"https:\/\/www.egemtv.com\/?p=14705"},"modified":"2025-02-02T22:55:47","modified_gmt":"2025-02-02T19:55:47","slug":"otomobilin-carptigi-yasli-kadin-hayatini-kaybetti","status":"publish","type":"post","link":"https:\/\/www.egemtv.com\/?p=14705","title":{"rendered":"Otomobilin \u00e7arpt\u0131\u011f\u0131 ya\u015fl\u0131 kad\u0131n hayat\u0131n\u0131 kaybetti"},"content":{"rendered":"<p>Burdur merkeze ba\u011fl\u0131 \u00c7ine k\u00f6y\u00fcnde yolun kar\u015f\u0131s\u0131na ge\u00e7mek isterken otomobilin \u00e7arpt\u0131\u011f\u0131 ya\u015fl\u0131 kad\u0131n, kald\u0131r\u0131ld\u0131\u011f\u0131 hastanede hayat\u0131n\u0131 kaybetti.<br \/>\n<br \/>Kaza, saat 19.30 s\u0131ralar\u0131nda Burdur merkeze ba\u011fl\u0131 \u00c7ine k\u00f6y\u00fcnde meydana geldi. Edinilen bilgilere g\u00f6re, k\u00f6y i\u00e7erisinde s\u00fct toplama merkezine s\u00fct verdikten sonra evine geri d\u00f6nerken yolun kar\u015f\u0131s\u0131na ge\u00e7meye \u00e7al\u0131\u015fan \u00dcmm\u00fc Ceylan\u2019a (73) A\u011flasun-Burdur yolunda seyir halinde olan Aleattin Y. (49) idaresindeki 15 ABN 465 plakal\u0131 Volkswagen marka otomobil \u00e7arpt\u0131. \u00c7arpman\u0131n etkisiyle savrulan Ceylan a\u011f\u0131r yaraland\u0131. \u00c7evredekilerin 112 Acil \u00c7a\u011fr\u0131 Merkezine ihbar\u0131 \u00fczerine olay yerine sa\u011fl\u0131k ve jandarma ekipleri sevk edildi. Olay yerine gelen sa\u011fl\u0131k ekiplerinin ilk m\u00fcdahalesinin ard\u0131ndan Burdur Devlet Hastanesi\u2019ne kald\u0131r\u0131lan ya\u015fl\u0131 kad\u0131n yap\u0131lan t\u00fcm m\u00fcdahalelere ra\u011fmen kurtar\u0131lamad\u0131. S\u00fcr\u00fcc\u00fc Aleattin Y. ise jandarma ekipleri taraf\u0131ndan ifadesi al\u0131nmak \u00fczere karakola g\u00f6t\u00fcr\u00fcld\u00fc.<br \/>\n<br \/>Kazayla ilgili soru\u015fturma ba\u015flat\u0131ld\u0131.<br \/><\/p>\n","protected":false},"excerpt":{"rendered":"<p>Burdur merkeze ba\u011fl\u0131 \u00c7ine k\u00f6y\u00fcnde yolun kar\u015f\u0131s\u0131na ge\u00e7mek isterken otomobilin \u00e7arpt\u0131\u011f\u0131 ya\u015fl\u0131 kad\u0131n, kald\u0131r\u0131ld\u0131\u011f\u0131 hastanede hayat\u0131n\u0131 kaybetti. Kaza, saat 19.30 s\u0131ralar\u0131nda Burdur merkeze ba\u011fl\u0131 \u00c7ine k\u00f6y\u00fcnde meydana geldi. Edinilen bilgilere g\u00f6re, k\u00f6y i\u00e7erisinde s\u00fct toplama merkezine s\u00fct verdikten sonra evine geri d\u00f6nerken yolun kar\u015f\u0131s\u0131na ge\u00e7meye \u00e7al\u0131\u015fan \u00dcmm\u00fc Ceylan\u2019a (73) A\u011flasun-Burdur yolunda seyir halinde olan Aleattin&#8230;<\/p>\n","protected":false},"author":1,"featured_media":14706,"comment_status":"open","ping_status":"open","sticky":false,"template":"","format":"standard","meta":{"_crdt_document":"","footnotes":""},"categories":[5],"tags":[],"class_list":["post-14705","post","type-post","status-publish","format-standard","has-post-thumbnail","hentry","category-asayis"],"_links":{"self":[{"href":"https:\/\/www.egemtv.com\/index.php?rest_route=\/wp\/v2\/posts\/14705","targetHints":{"allow":["GET"]}}],"collection":[{"href":"https:\/\/www.egemtv.com\/index.php?rest_route=\/wp\/v2\/posts"}],"about":[{"href":"https:\/\/www.egemtv.com\/index.php?rest_route=\/wp\/v2\/types\/post"}],"author":[{"embeddable":true,"href":"https:\/\/www.egemtv.com\/index.php?rest_route=\/wp\/v2\/users\/1"}],"replies":[{"embeddable":true,"href":"https:\/\/www.egemtv.com\/index.php?rest_route=%2Fwp%2Fv2%2Fcomments&post=14705"}],"version-history":[{"count":1,"href":"https:\/\/www.egemtv.com\/index.php?rest_route=\/wp\/v2\/posts\/14705\/revisions"}],"predecessor-version":[{"id":14707,"href":"https:\/\/www.egemtv.com\/index.php?rest_route=\/wp\/v2\/posts\/14705\/revisions\/14707"}],"wp:featuredmedia":[{"embeddable":true,"href":"https:\/\/www.egemtv.com\/index.php?rest_route=\/wp\/v2\/media\/14706"}],"wp:attachment":[{"href":"https:\/\/www.egemtv.com\/index.php?rest_route=%2Fwp%2Fv2%2Fmedia&parent=14705"}],"wp:term":[{"taxonomy":"category","embeddable":true,"href":"https:\/\/www.egemtv.com\/index.php?rest_route=%2Fwp%2Fv2%2Fcategories&post=14705"},{"taxonomy":"post_tag","embeddable":true,"href":"https:\/\/www.egemtv.com\/index.php?rest_route=%2Fwp%2Fv2%2Ftags&post=14705"}],"curies":[{"name":"wp","href":"https:\/\/api.w.org\/{rel}","templated":true}]}}