{"id":14695,"date":"2025-02-02T22:12:40","date_gmt":"2025-02-02T19:12:40","guid":{"rendered":"https:\/\/www.egemtv.com\/?p=14695"},"modified":"2025-02-02T22:12:41","modified_gmt":"2025-02-02T19:12:41","slug":"sandalyede-olu-bulunan-sahsin-katil-zanlisi-yuzlerce-saatlik-goruntu-izlenerek-yakalandi-2-2","status":"publish","type":"post","link":"https:\/\/www.egemtv.com\/?p=14695","title":{"rendered":"Sandalyede \u00f6l\u00fc bulunan \u015fahs\u0131n katil zanl\u0131s\u0131 y\u00fczlerce saatlik g\u00f6r\u00fcnt\u00fc izlenerek yakaland\u0131"},"content":{"rendered":"<p>Mu\u011fla\u2019n\u0131n Milas il\u00e7esinde b\u0131\u00e7aklanm\u0131\u015f halde sandalyede \u00f6l\u00fc bulunan \u015fahs\u0131n katil zanl\u0131s\u0131, polis ekiplerinin y\u00fczlerce saatlik g\u00fcvenlik kameras\u0131 g\u00f6r\u00fcnt\u00fcs\u00fcn\u00fc incelemesi ile yakaland\u0131.<br \/>\n<br \/>Olay, Milas il\u00e7esi Cumhuriyet Caddesi\u2019nde sabah saatlerinde meydana geldi. Edinilen bilgiye g\u00f6re, sokaktan ge\u00e7en vatanda\u015flar e\u011flence mekanlar\u0131n\u0131n oldu\u011fu sokaktaki sandalyede bir ki\u015finin hareketsiz \u015fekilde oturdu\u011funu fark etti. Durumdan \u015f\u00fcphelenen vatanda\u015flar, 112 Acil \u00c7a\u011fr\u0131 Merkezi\u2019ni arad\u0131. \u0130hbar \u00fczerine b\u00f6lgeye sa\u011fl\u0131k ve polis ekipleri sevk edildi. K\u0131sa s\u00fcrede olay yerine gelen sa\u011fl\u0131k ekipleri, \u015fahs\u0131n hayat\u0131n\u0131 kaybetti\u011fini belirledi. B\u0131\u00e7akland\u0131\u011f\u0131 ve a\u015f\u0131r\u0131 kan kaybetti\u011fi belirlenen \u015fahs\u0131n Milas\u2019ta manavl\u0131k yapan Halil \u0130brahim Mercan (48) oldu\u011fu tespit edildi. Mercan\u2019\u0131 \u00f6ld\u00fcren ki\u015fi ya da ki\u015filerin belirlenmesi i\u00e7in b\u00f6lgedeki b\u00fct\u00fcn g\u00fcvenlik kameralar\u0131 incelemeye al\u0131nd\u0131. Polis ekipleri, y\u00fczlerce saatlik g\u00fcvenlik kameras\u0131 g\u00f6r\u00fcnt\u00fcs\u00fcn\u00fc inceleyerek, olay\u0131n\u0131n \u015f\u00fcphelisinin B.\u00d6. isimli kad\u0131n oldu\u011funu tespit etti. G\u00f6r\u00fcnt\u00fclerde Mercan\u2019\u0131n oturdu\u011fu s\u0131rada aniden sald\u0131r\u0131ya u\u011frad\u0131\u011f\u0131 ve olay yerinde hayat\u0131n\u0131 kaybetti\u011fi g\u00f6r\u00fcld\u00fc.<br \/>\n<br \/>\u015e\u00fcpheli, polis ekiplerinin titiz \u00e7al\u0131\u015fmas\u0131 sonucu k\u0131sa s\u00fcrede yakalanarak g\u00f6zalt\u0131na al\u0131nd\u0131. Emniyetteki sorgusunun ard\u0131ndan adliyeye sevk edilen B.\u00d6.\u2019n\u00fcn i\u015flemleri devam ediyor.<br \/><\/p>\n","protected":false},"excerpt":{"rendered":"<p>Mu\u011fla\u2019n\u0131n Milas il\u00e7esinde b\u0131\u00e7aklanm\u0131\u015f halde sandalyede \u00f6l\u00fc bulunan \u015fahs\u0131n katil zanl\u0131s\u0131, polis ekiplerinin y\u00fczlerce saatlik g\u00fcvenlik kameras\u0131 g\u00f6r\u00fcnt\u00fcs\u00fcn\u00fc incelemesi ile yakaland\u0131. Olay, Milas il\u00e7esi Cumhuriyet Caddesi\u2019nde sabah saatlerinde meydana geldi. Edinilen bilgiye g\u00f6re, sokaktan ge\u00e7en vatanda\u015flar e\u011flence mekanlar\u0131n\u0131n oldu\u011fu sokaktaki sandalyede bir ki\u015finin hareketsiz \u015fekilde oturdu\u011funu fark etti. Durumdan \u015f\u00fcphelenen vatanda\u015flar, 112 Acil \u00c7a\u011fr\u0131 Merkezi\u2019ni&#8230;<\/p>\n","protected":false},"author":1,"featured_media":14697,"comment_status":"open","ping_status":"open","sticky":false,"template":"","format":"standard","meta":{"_crdt_document":"","footnotes":""},"categories":[5],"tags":[],"class_list":["post-14695","post","type-post","status-publish","format-standard","has-post-thumbnail","hentry","category-asayis"],"_links":{"self":[{"href":"https:\/\/www.egemtv.com\/index.php?rest_route=\/wp\/v2\/posts\/14695","targetHints":{"allow":["GET"]}}],"collection":[{"href":"https:\/\/www.egemtv.com\/index.php?rest_route=\/wp\/v2\/posts"}],"about":[{"href":"https:\/\/www.egemtv.com\/index.php?rest_route=\/wp\/v2\/types\/post"}],"author":[{"embeddable":true,"href":"https:\/\/www.egemtv.com\/index.php?rest_route=\/wp\/v2\/users\/1"}],"replies":[{"embeddable":true,"href":"https:\/\/www.egemtv.com\/index.php?rest_route=%2Fwp%2Fv2%2Fcomments&post=14695"}],"version-history":[{"count":1,"href":"https:\/\/www.egemtv.com\/index.php?rest_route=\/wp\/v2\/posts\/14695\/revisions"}],"predecessor-version":[{"id":14699,"href":"https:\/\/www.egemtv.com\/index.php?rest_route=\/wp\/v2\/posts\/14695\/revisions\/14699"}],"wp:featuredmedia":[{"embeddable":true,"href":"https:\/\/www.egemtv.com\/index.php?rest_route=\/wp\/v2\/media\/14697"}],"wp:attachment":[{"href":"https:\/\/www.egemtv.com\/index.php?rest_route=%2Fwp%2Fv2%2Fmedia&parent=14695"}],"wp:term":[{"taxonomy":"category","embeddable":true,"href":"https:\/\/www.egemtv.com\/index.php?rest_route=%2Fwp%2Fv2%2Fcategories&post=14695"},{"taxonomy":"post_tag","embeddable":true,"href":"https:\/\/www.egemtv.com\/index.php?rest_route=%2Fwp%2Fv2%2Ftags&post=14695"}],"curies":[{"name":"wp","href":"https:\/\/api.w.org\/{rel}","templated":true}]}}