{"id":14690,"date":"2025-02-02T21:42:53","date_gmt":"2025-02-02T18:42:53","guid":{"rendered":"https:\/\/www.egemtv.com\/?p=14690"},"modified":"2025-02-02T21:42:57","modified_gmt":"2025-02-02T18:42:57","slug":"fethiyede-15-yasindaki-motosiklet-surucusu-kazada-hayatini-kaybetti","status":"publish","type":"post","link":"https:\/\/www.egemtv.com\/?p=14690","title":{"rendered":"Fethiye\u2019de 15 ya\u015f\u0131ndaki motosiklet s\u00fcr\u00fcc\u00fcs\u00fc kazada hayat\u0131n\u0131 kaybetti"},"content":{"rendered":"<p>Mu\u011fla\u2019n\u0131n Fethiye il\u00e7esinde meydana gelen trafik kazas\u0131nda, 15 ya\u015f\u0131ndaki motosiklet s\u00fcr\u00fcc\u00fcs\u00fc hayat\u0131n\u0131 kaybetti.<br \/>\n<br \/>Kaza, E\u015fref B\u00f6rek\u00e7i Caddesi ile 71. Sokak kav\u015fa\u011f\u0131nda meydana geldi. Edinilen bilgiye g\u00f6re, S.Y. (42) idaresindeki 48 TR 421 plakal\u0131 otomobil ile Eren Can Karalt\u0131\u2019n\u0131n (15) kulland\u0131\u011f\u0131 48 ABU 230 plakal\u0131 motosiklet \u00e7arp\u0131\u015ft\u0131. Kazay\u0131 g\u00f6ren vatanda\u015flar\u0131n 112 Acil \u00c7a\u011fr\u0131 Merkezi\u2019ni aramas\u0131 \u00fczerinde polis ve sa\u011fl\u0131k ekipleri olay yerine sevk edildi. A\u011f\u0131r yaralanan Karalt\u0131, sa\u011fl\u0131k ekiplerinin olay yerindeki ilk m\u00fcdahalesinin ard\u0131ndan kald\u0131r\u0131ld\u0131\u011f\u0131 Fethiye Devlet Hastanesi\u2019nde doktorlar\u0131n t\u00fcm \u00e7abalar\u0131na ra\u011fmen kurtar\u0131lamad\u0131.<br \/>\n<br \/>Kazayla ilgili soru\u015fturma ba\u015flat\u0131ld\u0131.<br \/><\/p>\n","protected":false},"excerpt":{"rendered":"<p>Mu\u011fla\u2019n\u0131n Fethiye il\u00e7esinde meydana gelen trafik kazas\u0131nda, 15 ya\u015f\u0131ndaki motosiklet s\u00fcr\u00fcc\u00fcs\u00fc hayat\u0131n\u0131 kaybetti. Kaza, E\u015fref B\u00f6rek\u00e7i Caddesi ile 71. Sokak kav\u015fa\u011f\u0131nda meydana geldi. Edinilen bilgiye g\u00f6re, S.Y. (42) idaresindeki 48 TR 421 plakal\u0131 otomobil ile Eren Can Karalt\u0131\u2019n\u0131n (15) kulland\u0131\u011f\u0131 48 ABU 230 plakal\u0131 motosiklet \u00e7arp\u0131\u015ft\u0131. Kazay\u0131 g\u00f6ren vatanda\u015flar\u0131n 112 Acil \u00c7a\u011fr\u0131 Merkezi\u2019ni aramas\u0131 \u00fczerinde&#8230;<\/p>\n","protected":false},"author":1,"featured_media":14691,"comment_status":"open","ping_status":"open","sticky":false,"template":"","format":"standard","meta":{"_crdt_document":"","footnotes":""},"categories":[5],"tags":[],"class_list":["post-14690","post","type-post","status-publish","format-standard","has-post-thumbnail","hentry","category-asayis"],"_links":{"self":[{"href":"https:\/\/www.egemtv.com\/index.php?rest_route=\/wp\/v2\/posts\/14690","targetHints":{"allow":["GET"]}}],"collection":[{"href":"https:\/\/www.egemtv.com\/index.php?rest_route=\/wp\/v2\/posts"}],"about":[{"href":"https:\/\/www.egemtv.com\/index.php?rest_route=\/wp\/v2\/types\/post"}],"author":[{"embeddable":true,"href":"https:\/\/www.egemtv.com\/index.php?rest_route=\/wp\/v2\/users\/1"}],"replies":[{"embeddable":true,"href":"https:\/\/www.egemtv.com\/index.php?rest_route=%2Fwp%2Fv2%2Fcomments&post=14690"}],"version-history":[{"count":1,"href":"https:\/\/www.egemtv.com\/index.php?rest_route=\/wp\/v2\/posts\/14690\/revisions"}],"predecessor-version":[{"id":14692,"href":"https:\/\/www.egemtv.com\/index.php?rest_route=\/wp\/v2\/posts\/14690\/revisions\/14692"}],"wp:featuredmedia":[{"embeddable":true,"href":"https:\/\/www.egemtv.com\/index.php?rest_route=\/wp\/v2\/media\/14691"}],"wp:attachment":[{"href":"https:\/\/www.egemtv.com\/index.php?rest_route=%2Fwp%2Fv2%2Fmedia&parent=14690"}],"wp:term":[{"taxonomy":"category","embeddable":true,"href":"https:\/\/www.egemtv.com\/index.php?rest_route=%2Fwp%2Fv2%2Fcategories&post=14690"},{"taxonomy":"post_tag","embeddable":true,"href":"https:\/\/www.egemtv.com\/index.php?rest_route=%2Fwp%2Fv2%2Ftags&post=14690"}],"curies":[{"name":"wp","href":"https:\/\/api.w.org\/{rel}","templated":true}]}}