{"id":14687,"date":"2025-02-02T21:42:42","date_gmt":"2025-02-02T18:42:42","guid":{"rendered":"https:\/\/www.egemtv.com\/?p=14687"},"modified":"2025-02-02T21:42:44","modified_gmt":"2025-02-02T18:42:44","slug":"ayni-rezidansta-4-yil-once-de-yangin-cikmis","status":"publish","type":"post","link":"https:\/\/www.egemtv.com\/?p=14687","title":{"rendered":"Ayn\u0131 rezidansta 4 y\u0131l \u00f6nce de yang\u0131n \u00e7\u0131km\u0131\u015f"},"content":{"rendered":"<p>Denizli\u2019nin Pamukkale il\u00e7esinde 7 katl\u0131 rezidansta \u00e7\u0131kan yang\u0131n\u0131n \u00e7ama\u015f\u0131rhanede ba\u015flad\u0131\u011f\u0131 tespit edildi. 11 ki\u015finin kurtar\u0131ld\u0131\u011f\u0131 binada 4 y\u0131l \u00f6nce de yang\u0131n \u00e7\u0131kt\u0131\u011f\u0131 ortaya \u00e7\u0131karken, binada yang\u0131n merdiveninin bulunmad\u0131\u011f\u0131 iddia edildi.<\/p>\n<p>Denizli\u2019nin Pamukkale il\u00e7esine ba\u011fl\u0131 Asmal\u0131evler Mahallesi 6653. Sokak\u2019ta 7 katl\u0131 bir rezidansta \u00e7\u0131kan yang\u0131na m\u00fcdahale ve kurtarma \u00e7al\u0131\u015fmalar\u0131 devam ediyor.  Dairelerde mahsur kalanlara tek tek ula\u015fan Denizli B\u00fcy\u00fck\u015fehir Belediyesi \u0130tfaiye Daire Ba\u015fkanl\u0131\u011f\u0131 ekipleri, sepetli merdivenli ara\u00e7larla tahliyeleri ger\u00e7ekle\u015ftiriyor. Binadan tahliye edilen vatanda\u015flar, gerekli tedavilerinin yap\u0131lmas\u0131 i\u00e7in sa\u011fl\u0131k ediplerine teslim ediliyor. Kurtarma \u00e7al\u0131\u015fmalar\u0131n\u0131n yan\u0131 s\u0131ra yang\u0131na m\u00fcdahale ve duman tahliyesi de devam ediyor.<\/p>\n<p>Rezidansta korku dolu anlar ya\u015fanmas\u0131na neden olan yang\u0131n\u0131n yap\u0131lan ilk incelemelere g\u00f6re \u00e7ama\u015f\u0131rhaneden ba\u015flad\u0131\u011f\u0131 belirlendi. Dumanlar\u0131n kaplad\u0131\u011f\u0131  koridorlardan d\u0131\u015far\u0131ya \u00e7\u0131kamayan vatanda\u015flar, balkonlara y\u00f6nelerek kurtar\u0131lmay\u0131 bekledi. \u00c7ama\u015f\u0131rhaneden yay\u0131lan duman 7 katl\u0131 binay\u0131 sararken, yang\u0131n odalara sirayet etmedi. Konaklama yap\u0131lan 15 odada kalan 11 ki\u015fi itfaiye yard\u0131m\u0131yla tahliye edilirken, geri kalanlar ise kendi imkanlar\u0131yla binadan \u00e7\u0131kmay\u0131 ba\u015fard\u0131. Dumandan etkilenerek ambulansla hastaneye sevk edilen 2 ki\u015fi ise tedavileri sonras\u0131 taburcu edildi.<\/p>\n<p>4 y\u0131l \u00f6nce de yang\u0131n \u00e7\u0131km\u0131\u015f<br \/>\n<br \/>Bu ak\u015famki yang\u0131nda 11 ki\u015finin balkonlardan kurtar\u0131ld\u0131\u011f\u0131 rezidansta, 23 Temmuz 2021 tarihinde de yang\u0131n \u00e7\u0131kt\u0131\u011f\u0131 ortaya \u00e7\u0131kt\u0131. Binan\u0131n \u00e7at\u0131 kat\u0131nda \u00e7\u0131kan yang\u0131nda \u00fcst kattaki dairede bulunan Ahmet F.E.\u2019nin can havliyle balkona \u00e7\u0131kt\u0131\u011f\u0131, vatanda\u015flar\u0131n korku dolu bak\u0131\u015flar\u0131 aras\u0131nda alt kattaki balkona atlayarak kurtuldu\u011fu \u00f6\u011frenildi.<br \/>\n<br \/>\u00d6te yandan, g\u00fcnl\u00fck konaklamalar\u0131n yap\u0131ld\u0131\u011f\u0131 rezidansta herhangi bir yang\u0131n merdiveninin bulunmad\u0131\u011f\u0131 iddia edildi. Yang\u0131nla ilgili soru\u015fturma ba\u015flat\u0131ld\u0131.<br \/><\/p>\n","protected":false},"excerpt":{"rendered":"<p>Denizli\u2019nin Pamukkale il\u00e7esinde 7 katl\u0131 rezidansta \u00e7\u0131kan yang\u0131n\u0131n \u00e7ama\u015f\u0131rhanede ba\u015flad\u0131\u011f\u0131 tespit edildi. 11 ki\u015finin kurtar\u0131ld\u0131\u011f\u0131 binada 4 y\u0131l \u00f6nce de yang\u0131n \u00e7\u0131kt\u0131\u011f\u0131 ortaya \u00e7\u0131karken, binada yang\u0131n merdiveninin bulunmad\u0131\u011f\u0131 iddia edildi. Denizli\u2019nin Pamukkale il\u00e7esine ba\u011fl\u0131 Asmal\u0131evler Mahallesi 6653. Sokak\u2019ta 7 katl\u0131 bir rezidansta \u00e7\u0131kan yang\u0131na m\u00fcdahale ve kurtarma \u00e7al\u0131\u015fmalar\u0131 devam ediyor. Dairelerde mahsur kalanlara tek tek&#8230;<\/p>\n","protected":false},"author":1,"featured_media":14688,"comment_status":"open","ping_status":"open","sticky":false,"template":"","format":"standard","meta":{"_crdt_document":"","footnotes":""},"categories":[5],"tags":[],"class_list":["post-14687","post","type-post","status-publish","format-standard","has-post-thumbnail","hentry","category-asayis"],"_links":{"self":[{"href":"https:\/\/www.egemtv.com\/index.php?rest_route=\/wp\/v2\/posts\/14687","targetHints":{"allow":["GET"]}}],"collection":[{"href":"https:\/\/www.egemtv.com\/index.php?rest_route=\/wp\/v2\/posts"}],"about":[{"href":"https:\/\/www.egemtv.com\/index.php?rest_route=\/wp\/v2\/types\/post"}],"author":[{"embeddable":true,"href":"https:\/\/www.egemtv.com\/index.php?rest_route=\/wp\/v2\/users\/1"}],"replies":[{"embeddable":true,"href":"https:\/\/www.egemtv.com\/index.php?rest_route=%2Fwp%2Fv2%2Fcomments&post=14687"}],"version-history":[{"count":1,"href":"https:\/\/www.egemtv.com\/index.php?rest_route=\/wp\/v2\/posts\/14687\/revisions"}],"predecessor-version":[{"id":14689,"href":"https:\/\/www.egemtv.com\/index.php?rest_route=\/wp\/v2\/posts\/14687\/revisions\/14689"}],"wp:featuredmedia":[{"embeddable":true,"href":"https:\/\/www.egemtv.com\/index.php?rest_route=\/wp\/v2\/media\/14688"}],"wp:attachment":[{"href":"https:\/\/www.egemtv.com\/index.php?rest_route=%2Fwp%2Fv2%2Fmedia&parent=14687"}],"wp:term":[{"taxonomy":"category","embeddable":true,"href":"https:\/\/www.egemtv.com\/index.php?rest_route=%2Fwp%2Fv2%2Fcategories&post=14687"},{"taxonomy":"post_tag","embeddable":true,"href":"https:\/\/www.egemtv.com\/index.php?rest_route=%2Fwp%2Fv2%2Ftags&post=14687"}],"curies":[{"name":"wp","href":"https:\/\/api.w.org\/{rel}","templated":true}]}}