{"id":14684,"date":"2025-02-02T20:46:11","date_gmt":"2025-02-02T17:46:11","guid":{"rendered":"https:\/\/www.egemtv.com\/?p=14684"},"modified":"2025-02-02T20:46:13","modified_gmt":"2025-02-02T17:46:13","slug":"imren-alacatispor-deplasmandan-3-2-maglup-dondu","status":"publish","type":"post","link":"https:\/\/www.egemtv.com\/?p=14684","title":{"rendered":"\u0130mren Ala\u00e7at\u0131spor, deplasmandan 3-2 ma\u011flup d\u00f6nd\u00fc"},"content":{"rendered":"<p>Anakaya Lojistik S\u00fcper Amat\u00f6r Lig 4. Grup\u2019ta m\u00fccadele eden \u0130mren Ala\u00e7at\u0131spor, deplasmanda kar\u015f\u0131la\u015ft\u0131\u011f\u0131 \u0130zmir 1461\u2019e 3-2 ma\u011flup oldu.<br \/>\n<br \/>Ma\u00e7\u0131n ilk yar\u0131s\u0131nda 34. dakikada gol\u00fc bulan taraf \u0130zmir 1461 oldu. Demirkan Hayrettin Bar\u0131\u015f att\u0131\u011f\u0131 golle tak\u0131m\u0131n\u0131 1-0 \u00f6ne ge\u00e7irdi. Gol\u00fcn ard\u0131ndan \u0130mren Ala\u00e7at\u0131spor oyuncusu Soner Sar\u0131\u00e7i\u00e7ek att\u0131\u011f\u0131 golle ilk yar\u0131n\u0131n sonucunu 1-1 olarak belirledi.\u00a0Ma\u00e7\u0131n ikinci yar\u0131s\u0131nda, \u0130zmir 1461 oyuncusu Deniz Duran, 58. dakikada att\u0131\u011f\u0131 golle tak\u0131m\u0131n\u0131 2-1 \u00f6ne ge\u00e7irdi. \u0130zmir 1461, buldu\u011fu penalt\u0131 pozisyonunu 65. dakikada gole \u00e7evirerek skoru 3-1 yaparken, \u0130mren Ala\u00e7at\u0131spor oyuncusu Y\u0131lmaz Aslanda\u011f, 90+1\u2019de att\u0131\u011f\u0131\u00a0golle ma\u00e7\u0131n skorunu 3-2 olarak belirledi.<br \/>\n<br \/>\u0130mren Ala\u00e7at\u0131spor bu sonu\u00e7la 26 puanla 6. s\u0131rada yer ald\u0131.<br \/>\n<br \/>\u0130mren Ala\u00e7at\u0131spor ligin 16. haftas\u0131nda 5 \u015eubat \u00c7ar\u015famba g\u00fcn\u00fc saat 15.00\u2019te sahas\u0131nda Torosg\u00fcc\u00fc\u2019n\u00fc\u00a0a\u011f\u0131rlayacak.<br \/><\/p>\n","protected":false},"excerpt":{"rendered":"<p>Anakaya Lojistik S\u00fcper Amat\u00f6r Lig 4. Grup\u2019ta m\u00fccadele eden \u0130mren Ala\u00e7at\u0131spor, deplasmanda kar\u015f\u0131la\u015ft\u0131\u011f\u0131 \u0130zmir 1461\u2019e 3-2 ma\u011flup oldu. Ma\u00e7\u0131n ilk yar\u0131s\u0131nda 34. dakikada gol\u00fc bulan taraf \u0130zmir 1461 oldu. Demirkan Hayrettin Bar\u0131\u015f att\u0131\u011f\u0131 golle tak\u0131m\u0131n\u0131 1-0 \u00f6ne ge\u00e7irdi. Gol\u00fcn ard\u0131ndan \u0130mren Ala\u00e7at\u0131spor oyuncusu Soner Sar\u0131\u00e7i\u00e7ek att\u0131\u011f\u0131 golle ilk yar\u0131n\u0131n sonucunu 1-1 olarak belirledi.\u00a0Ma\u00e7\u0131n ikinci yar\u0131s\u0131nda,&#8230;<\/p>\n","protected":false},"author":1,"featured_media":14685,"comment_status":"open","ping_status":"open","sticky":false,"template":"","format":"standard","meta":{"_crdt_document":"","footnotes":""},"categories":[4],"tags":[],"class_list":["post-14684","post","type-post","status-publish","format-standard","has-post-thumbnail","hentry","category-spor"],"_links":{"self":[{"href":"https:\/\/www.egemtv.com\/index.php?rest_route=\/wp\/v2\/posts\/14684","targetHints":{"allow":["GET"]}}],"collection":[{"href":"https:\/\/www.egemtv.com\/index.php?rest_route=\/wp\/v2\/posts"}],"about":[{"href":"https:\/\/www.egemtv.com\/index.php?rest_route=\/wp\/v2\/types\/post"}],"author":[{"embeddable":true,"href":"https:\/\/www.egemtv.com\/index.php?rest_route=\/wp\/v2\/users\/1"}],"replies":[{"embeddable":true,"href":"https:\/\/www.egemtv.com\/index.php?rest_route=%2Fwp%2Fv2%2Fcomments&post=14684"}],"version-history":[{"count":1,"href":"https:\/\/www.egemtv.com\/index.php?rest_route=\/wp\/v2\/posts\/14684\/revisions"}],"predecessor-version":[{"id":14686,"href":"https:\/\/www.egemtv.com\/index.php?rest_route=\/wp\/v2\/posts\/14684\/revisions\/14686"}],"wp:featuredmedia":[{"embeddable":true,"href":"https:\/\/www.egemtv.com\/index.php?rest_route=\/wp\/v2\/media\/14685"}],"wp:attachment":[{"href":"https:\/\/www.egemtv.com\/index.php?rest_route=%2Fwp%2Fv2%2Fmedia&parent=14684"}],"wp:term":[{"taxonomy":"category","embeddable":true,"href":"https:\/\/www.egemtv.com\/index.php?rest_route=%2Fwp%2Fv2%2Fcategories&post=14684"},{"taxonomy":"post_tag","embeddable":true,"href":"https:\/\/www.egemtv.com\/index.php?rest_route=%2Fwp%2Fv2%2Ftags&post=14684"}],"curies":[{"name":"wp","href":"https:\/\/api.w.org\/{rel}","templated":true}]}}