{"id":14681,"date":"2025-02-02T20:46:08","date_gmt":"2025-02-02T17:46:08","guid":{"rendered":"https:\/\/www.egemtv.com\/?p=14681"},"modified":"2025-02-02T20:46:11","modified_gmt":"2025-02-02T17:46:11","slug":"7-katli-rezidansta-mahsur-kalanlar-kurtariliyor","status":"publish","type":"post","link":"https:\/\/www.egemtv.com\/?p=14681","title":{"rendered":"7 katl\u0131 rezidansta mahsur kalanlar kurtar\u0131l\u0131yor"},"content":{"rendered":"<p>Denizli\u2019nin Pamukkale il\u00e7esindeki 7 katl\u0131 bir rezidansta \u00e7\u0131kan yang\u0131nda, itfaiye ekiplerinin binada mahsur kalanlar\u0131 kurtarma \u00e7al\u0131\u015fmas\u0131 devam ediyor. Dairelerde mahsur kalanlar, sepetli itfaiye ara\u00e7lar\u0131yla tahliye ediliyor.<\/p>\n<p>Edinilen bilgiye g\u00f6re; Denizli\u2019nin Pamukkale il\u00e7esine ba\u011fl\u0131 Asmal\u0131evler Mahallesi 6653 Sokakta bulunan 7 katl\u0131 rezidansta hen\u00fcz belirlenemeyen bir nedenle yang\u0131n \u00e7\u0131kt\u0131. Dumanlar\u0131n sard\u0131\u011f\u0131 binadaki yang\u0131n\u0131n ihbar edilmesi \u00fczerine olay yerine itfaiye, sa\u011fl\u0131k ve polis ekipleri sevk edildi. \u00dcst katlardaki dairelerde mahsur kalanlar\u0131n kurtar\u0131lmas\u0131 i\u00e7in itfaiye ekiplerinin merdivenli ara\u00e7larla tahliye \u00e7al\u0131\u015fmas\u0131 ba\u015flatt\u0131.<\/p>\n<p>Dairelerde mahsur kalanlara tek tek ula\u015fan Denizli B\u00fcy\u00fck\u015fehir Belediyesi \u0130tfaiye Daire Ba\u015fkanl\u0131\u011f\u0131 ekipleri, sepetli merdivenli ara\u00e7larla dairelerin pencerelerine kadar tek tek ula\u015farak tahliyeleri ger\u00e7ekle\u015ftiriyor. Binadan tahliye edilen vatanda\u015flar, gerekli tedavilerinin yap\u0131lmas\u0131 i\u00e7in sa\u011fl\u0131k ediplerine teslim ediliyor.<\/p>\n<p>Kurtarma \u00e7al\u0131\u015fmalar\u0131n\u0131n devam etti\u011fi yang\u0131na m\u00fcdahale ve dumanlar\u0131n bo\u015falt\u0131lmas\u0131 i\u00e7inde ekipler b\u00fcy\u00fck bir \u00f6zveriyle m\u00fccadele veriyor.<br \/><\/p>\n","protected":false},"excerpt":{"rendered":"<p>Denizli\u2019nin Pamukkale il\u00e7esindeki 7 katl\u0131 bir rezidansta \u00e7\u0131kan yang\u0131nda, itfaiye ekiplerinin binada mahsur kalanlar\u0131 kurtarma \u00e7al\u0131\u015fmas\u0131 devam ediyor. Dairelerde mahsur kalanlar, sepetli itfaiye ara\u00e7lar\u0131yla tahliye ediliyor. Edinilen bilgiye g\u00f6re; Denizli\u2019nin Pamukkale il\u00e7esine ba\u011fl\u0131 Asmal\u0131evler Mahallesi 6653 Sokakta bulunan 7 katl\u0131 rezidansta hen\u00fcz belirlenemeyen bir nedenle yang\u0131n \u00e7\u0131kt\u0131. Dumanlar\u0131n sard\u0131\u011f\u0131 binadaki yang\u0131n\u0131n ihbar edilmesi \u00fczerine olay&#8230;<\/p>\n","protected":false},"author":1,"featured_media":14682,"comment_status":"open","ping_status":"open","sticky":false,"template":"","format":"standard","meta":{"_crdt_document":"","footnotes":""},"categories":[5],"tags":[],"class_list":["post-14681","post","type-post","status-publish","format-standard","has-post-thumbnail","hentry","category-asayis"],"_links":{"self":[{"href":"https:\/\/www.egemtv.com\/index.php?rest_route=\/wp\/v2\/posts\/14681","targetHints":{"allow":["GET"]}}],"collection":[{"href":"https:\/\/www.egemtv.com\/index.php?rest_route=\/wp\/v2\/posts"}],"about":[{"href":"https:\/\/www.egemtv.com\/index.php?rest_route=\/wp\/v2\/types\/post"}],"author":[{"embeddable":true,"href":"https:\/\/www.egemtv.com\/index.php?rest_route=\/wp\/v2\/users\/1"}],"replies":[{"embeddable":true,"href":"https:\/\/www.egemtv.com\/index.php?rest_route=%2Fwp%2Fv2%2Fcomments&post=14681"}],"version-history":[{"count":1,"href":"https:\/\/www.egemtv.com\/index.php?rest_route=\/wp\/v2\/posts\/14681\/revisions"}],"predecessor-version":[{"id":14683,"href":"https:\/\/www.egemtv.com\/index.php?rest_route=\/wp\/v2\/posts\/14681\/revisions\/14683"}],"wp:featuredmedia":[{"embeddable":true,"href":"https:\/\/www.egemtv.com\/index.php?rest_route=\/wp\/v2\/media\/14682"}],"wp:attachment":[{"href":"https:\/\/www.egemtv.com\/index.php?rest_route=%2Fwp%2Fv2%2Fmedia&parent=14681"}],"wp:term":[{"taxonomy":"category","embeddable":true,"href":"https:\/\/www.egemtv.com\/index.php?rest_route=%2Fwp%2Fv2%2Fcategories&post=14681"},{"taxonomy":"post_tag","embeddable":true,"href":"https:\/\/www.egemtv.com\/index.php?rest_route=%2Fwp%2Fv2%2Ftags&post=14681"}],"curies":[{"name":"wp","href":"https:\/\/api.w.org\/{rel}","templated":true}]}}