{"id":14675,"date":"2025-02-02T20:29:09","date_gmt":"2025-02-02T17:29:09","guid":{"rendered":"https:\/\/www.egemtv.com\/?p=14675"},"modified":"2025-02-02T20:29:14","modified_gmt":"2025-02-02T17:29:14","slug":"kutahyada-basin-mensuplari-gazeteciler-cemiyetinin-etkinliginde-bir-araya-geldi","status":"publish","type":"post","link":"https:\/\/www.egemtv.com\/?p=14675","title":{"rendered":"K\u00fctahya\u2019da bas\u0131n mensuplar\u0131 Gazeteciler Cemiyeti\u2019nin etkinli\u011finde bir araya geldi"},"content":{"rendered":"<p>K\u00fctahya Gazeteciler Cemiyeti taraf\u0131ndan d\u00fczenlenen etkinlikte, il merkezi ve il\u00e7elerde g\u00f6rev yapan bas\u0131n mensuplar\u0131 bir araya geldi. Yo\u011fun kat\u0131l\u0131m\u0131n oldu\u011fu programda, T\u00fcrkiye\u2019nin \u00f6nemli gazetecilerinden Faruk Aksoy da yer ald\u0131.<br \/>\n<br \/>Ge\u00e7ti\u011fimiz g\u00fcnlerde yap\u0131lamayan \u00c7al\u0131\u015fan Gazeteciler G\u00fcn\u00fc etkinli\u011fi, K\u00fctahya Gazeteciler Cemiyeti Ba\u015fkan\u0131 Erkan Sa\u011flam, Porselen Genel M\u00fcd\u00fcr\u00fc Naci Pekcan, gazeteci Faruk Aksoy ve \u00e7ok say\u0131da bas\u0131n mensubunun kat\u0131l\u0131m\u0131 ile yap\u0131ld\u0131. Programda konu\u015fan K\u00fctahya Gazeteciler Cemiyeti Ba\u015fkan\u0131 Erkan Sa\u011flam, t\u00fcm kat\u0131l\u0131mc\u0131lara te\u015fekk\u00fcr ederek, &#8220;T\u00fcrkiye\u2019nin bas\u0131n alan\u0131nda \u00f6nemli isimlerinden biri olan Faruk Aksoy\u2019u K\u00fctahya\u2019da a\u011f\u0131rlamaktan b\u00fcy\u00fck mutluluk duyuyoruz. Cemiyetimiz, T\u00fcrkiye Gazeteciler Konfederasyonu ve Ege Gazeteciler Cemiyeti \u00fcyesidir. K\u00fctahya bas\u0131n camias\u0131nda olu\u015fan bu birliktelik bug\u00fcn bir kez daha burada g\u00f6r\u00fclm\u00fc\u015ft\u00fcr. \u0130n\u015fallah bu dayan\u0131\u015fma artarak devam edecek&#8221; dedi.<\/p>\n<p>&#8220;K\u00fctahya her zaman kalbimde \u00f6zel bir yere sahip&#8221;<br \/>\n<br \/>Etkinlikte duygusal bir konu\u015fma yapan gazeteci Faruk Aksoy, K\u00fctahya\u2019ya olan ba\u011fl\u0131l\u0131\u011f\u0131n\u0131 vurgulad\u0131. Aksoy, &#8220;25 y\u0131l sonra \u00fcniversite okudu\u011fum \u015fehre geri d\u00f6nmek ve de\u011ferli insanlarla bir araya gelmek b\u00fcy\u00fck bir onur. Bu \u015fehir bana \u00e7ok \u015fey verdi, ben de bu \u015fehre bor\u00e7luyum. Mesle\u011fimde onur, haysiyet ve \u00f6zg\u00fcrl\u00fckten \u00f6d\u00fcn vermedim, vermeyece\u011fim. K\u00fctahya her zaman kalbimde \u00f6zel bir yere sahip&#8221; ifadelerini kulland\u0131.<br \/>\n<br \/>Program kapsam\u0131nda Faruk Aksoy\u2019a katk\u0131lar\u0131ndan dolay\u0131 hediye takdim edilirken, K\u00fctahya bas\u0131n\u0131na emek veren bas\u0131n mensuplar\u0131na da te\u015fekk\u00fcr belgeleri verildi. Etkinlik, samimi sohbetler ve mesleki tecr\u00fcbelerin payla\u015f\u0131ld\u0131\u011f\u0131 anlarla sona erdi.<br \/><\/p>\n","protected":false},"excerpt":{"rendered":"<p>K\u00fctahya Gazeteciler Cemiyeti taraf\u0131ndan d\u00fczenlenen etkinlikte, il merkezi ve il\u00e7elerde g\u00f6rev yapan bas\u0131n mensuplar\u0131 bir araya geldi. Yo\u011fun kat\u0131l\u0131m\u0131n oldu\u011fu programda, T\u00fcrkiye\u2019nin \u00f6nemli gazetecilerinden Faruk Aksoy da yer ald\u0131. Ge\u00e7ti\u011fimiz g\u00fcnlerde yap\u0131lamayan \u00c7al\u0131\u015fan Gazeteciler G\u00fcn\u00fc etkinli\u011fi, K\u00fctahya Gazeteciler Cemiyeti Ba\u015fkan\u0131 Erkan Sa\u011flam, Porselen Genel M\u00fcd\u00fcr\u00fc Naci Pekcan, gazeteci Faruk Aksoy ve \u00e7ok say\u0131da bas\u0131n mensubunun&#8230;<\/p>\n","protected":false},"author":1,"featured_media":14676,"comment_status":"open","ping_status":"open","sticky":false,"template":"","format":"standard","meta":{"_crdt_document":"","footnotes":""},"categories":[123],"tags":[],"class_list":["post-14675","post","type-post","status-publish","format-standard","has-post-thumbnail","hentry","category-gundem"],"_links":{"self":[{"href":"https:\/\/www.egemtv.com\/index.php?rest_route=\/wp\/v2\/posts\/14675","targetHints":{"allow":["GET"]}}],"collection":[{"href":"https:\/\/www.egemtv.com\/index.php?rest_route=\/wp\/v2\/posts"}],"about":[{"href":"https:\/\/www.egemtv.com\/index.php?rest_route=\/wp\/v2\/types\/post"}],"author":[{"embeddable":true,"href":"https:\/\/www.egemtv.com\/index.php?rest_route=\/wp\/v2\/users\/1"}],"replies":[{"embeddable":true,"href":"https:\/\/www.egemtv.com\/index.php?rest_route=%2Fwp%2Fv2%2Fcomments&post=14675"}],"version-history":[{"count":1,"href":"https:\/\/www.egemtv.com\/index.php?rest_route=\/wp\/v2\/posts\/14675\/revisions"}],"predecessor-version":[{"id":14677,"href":"https:\/\/www.egemtv.com\/index.php?rest_route=\/wp\/v2\/posts\/14675\/revisions\/14677"}],"wp:featuredmedia":[{"embeddable":true,"href":"https:\/\/www.egemtv.com\/index.php?rest_route=\/wp\/v2\/media\/14676"}],"wp:attachment":[{"href":"https:\/\/www.egemtv.com\/index.php?rest_route=%2Fwp%2Fv2%2Fmedia&parent=14675"}],"wp:term":[{"taxonomy":"category","embeddable":true,"href":"https:\/\/www.egemtv.com\/index.php?rest_route=%2Fwp%2Fv2%2Fcategories&post=14675"},{"taxonomy":"post_tag","embeddable":true,"href":"https:\/\/www.egemtv.com\/index.php?rest_route=%2Fwp%2Fv2%2Ftags&post=14675"}],"curies":[{"name":"wp","href":"https:\/\/api.w.org\/{rel}","templated":true}]}}