{"id":14672,"date":"2025-02-02T20:23:08","date_gmt":"2025-02-02T17:23:08","guid":{"rendered":"https:\/\/www.egemtv.com\/?p=14672"},"modified":"2025-02-02T20:23:14","modified_gmt":"2025-02-02T17:23:14","slug":"pamukkalede-7-katli-rezidansta-yangin-cikti","status":"publish","type":"post","link":"https:\/\/www.egemtv.com\/?p=14672","title":{"rendered":"Pamukkale\u2019de 7 katl\u0131 rezidansta yang\u0131n \u00e7\u0131kt\u0131"},"content":{"rendered":"<p>Denizli\u2019nin Pamukkale il\u00e7esindeki 7 katl\u0131 bir rezidansta \u00e7\u0131kan yang\u0131nda, itfaiye ekiplerinin binada mahsur kalanlar\u0131 kurtarma \u00e7al\u0131\u015fmas\u0131 devam ediyor.<br \/>\n<br \/>Edinilen bilgiye g\u00f6re; Denizli\u2019nin Pamukkale il\u00e7esine ba\u011fl\u0131 Asmal\u0131evler Mahallesi 6653 Sokakta bulunan 7 katl\u0131 rezidansta hen\u00fcz belirlenemeyen bir nedenle yang\u0131n \u00e7\u0131kt\u0131. Dumanlar\u0131n sard\u0131\u011f\u0131 binadaki yang\u0131n\u0131n ihbar edilmesi \u00fczerine olay yerine itfaiye, sa\u011fl\u0131k ve polis ekipleri sevk edildi. \u00dcst katlardaki dairelerde mahsur kalanlar\u0131n kurtar\u0131lmas\u0131 i\u00e7in itfaiye ekiplerinin merdivenli ara\u00e7larla tahliye \u00e7al\u0131\u015fmas\u0131 ba\u015flatt\u0131.<br \/><\/p>\n","protected":false},"excerpt":{"rendered":"<p>Denizli\u2019nin Pamukkale il\u00e7esindeki 7 katl\u0131 bir rezidansta \u00e7\u0131kan yang\u0131nda, itfaiye ekiplerinin binada mahsur kalanlar\u0131 kurtarma \u00e7al\u0131\u015fmas\u0131 devam ediyor. Edinilen bilgiye g\u00f6re; Denizli\u2019nin Pamukkale il\u00e7esine ba\u011fl\u0131 Asmal\u0131evler Mahallesi 6653 Sokakta bulunan 7 katl\u0131 rezidansta hen\u00fcz belirlenemeyen bir nedenle yang\u0131n \u00e7\u0131kt\u0131. Dumanlar\u0131n sard\u0131\u011f\u0131 binadaki yang\u0131n\u0131n ihbar edilmesi \u00fczerine olay yerine itfaiye, sa\u011fl\u0131k ve polis ekipleri sevk edildi&#8230;.<\/p>\n","protected":false},"author":1,"featured_media":14673,"comment_status":"open","ping_status":"open","sticky":false,"template":"","format":"standard","meta":{"_crdt_document":"","footnotes":""},"categories":[5],"tags":[],"class_list":["post-14672","post","type-post","status-publish","format-standard","has-post-thumbnail","hentry","category-asayis"],"_links":{"self":[{"href":"https:\/\/www.egemtv.com\/index.php?rest_route=\/wp\/v2\/posts\/14672","targetHints":{"allow":["GET"]}}],"collection":[{"href":"https:\/\/www.egemtv.com\/index.php?rest_route=\/wp\/v2\/posts"}],"about":[{"href":"https:\/\/www.egemtv.com\/index.php?rest_route=\/wp\/v2\/types\/post"}],"author":[{"embeddable":true,"href":"https:\/\/www.egemtv.com\/index.php?rest_route=\/wp\/v2\/users\/1"}],"replies":[{"embeddable":true,"href":"https:\/\/www.egemtv.com\/index.php?rest_route=%2Fwp%2Fv2%2Fcomments&post=14672"}],"version-history":[{"count":1,"href":"https:\/\/www.egemtv.com\/index.php?rest_route=\/wp\/v2\/posts\/14672\/revisions"}],"predecessor-version":[{"id":14674,"href":"https:\/\/www.egemtv.com\/index.php?rest_route=\/wp\/v2\/posts\/14672\/revisions\/14674"}],"wp:featuredmedia":[{"embeddable":true,"href":"https:\/\/www.egemtv.com\/index.php?rest_route=\/wp\/v2\/media\/14673"}],"wp:attachment":[{"href":"https:\/\/www.egemtv.com\/index.php?rest_route=%2Fwp%2Fv2%2Fmedia&parent=14672"}],"wp:term":[{"taxonomy":"category","embeddable":true,"href":"https:\/\/www.egemtv.com\/index.php?rest_route=%2Fwp%2Fv2%2Fcategories&post=14672"},{"taxonomy":"post_tag","embeddable":true,"href":"https:\/\/www.egemtv.com\/index.php?rest_route=%2Fwp%2Fv2%2Ftags&post=14672"}],"curies":[{"name":"wp","href":"https:\/\/api.w.org\/{rel}","templated":true}]}}