{"id":14669,"date":"2025-02-02T20:14:13","date_gmt":"2025-02-02T17:14:13","guid":{"rendered":"https:\/\/www.egemtv.com\/?p=14669"},"modified":"2025-02-02T20:14:17","modified_gmt":"2025-02-02T17:14:17","slug":"cesme-belediyespor-son-dakika-goluyle-beraberligi-kacirdi","status":"publish","type":"post","link":"https:\/\/www.egemtv.com\/?p=14669","title":{"rendered":"\u00c7e\u015fme Belediyespor son dakika gol\u00fcyle beraberli\u011fi ka\u00e7\u0131rd\u0131"},"content":{"rendered":"<p>B\u00f6lgesel Amat\u00f6r Lig 4. Grup\u2019ta m\u00fccadele eden \u00c7e\u015fme Belediyespor, sahas\u0131nda kar\u015f\u0131la\u015ft\u0131\u011f\u0131 Torbal\u0131spor\u2019a\u00a0son dakika gol\u00fcyle 2-1 ma\u011flup olarak k\u00f6t\u00fc gidi\u015fat\u0131n\u0131 s\u00fcrd\u00fcrd\u00fc.<br \/>\n<br \/>Ge\u00e7ti\u011fimiz haftay\u0131 BAY tak\u0131m olarak ge\u00e7iren \u00c7e\u015fme Belediyespor, zirve m\u00fccadelesi veren Torbal\u0131spor\u2019u konuk etti.\u00a0Ma\u00e7\u0131n ilk yar\u0131s\u0131 15. dakikada Torbal\u0131sporlu G\u00fcrkan \u00d6zt\u00fcrk\u2019\u00fcn att\u0131\u011f\u0131 golle 1-0 sonu\u00e7land\u0131. Ma\u00e7\u0131n ikinci yar\u0131s\u0131nda \u00c7e\u015fme Belediyespor\u00a0oyuncusu Cem \u015eahinkaya, 65. dakikada att\u0131\u011f\u0131 golle skoru 1-1 yapt\u0131.<br \/>\n<br \/>Ma\u00e7\u0131n kalan dakikalar\u0131nda beraberli\u011fi koruyamayan \u00c7e\u015fme Belediyespor, ma\u00e7\u0131n\u00a090. dakikas\u0131nda Torbal\u0131spor oyuncusu Emir \u00d6zbay\u2019\u0131n att\u0131\u011f\u0131 golle sahadan 2-1 ma\u011flubiyetle ayr\u0131larak k\u00f6t\u00fc gidi\u015fini durduramad\u0131.<br \/>\n<br \/>\u00c7e\u015fme Belediyespor, bu sonu\u00e7la lig s\u0131ralamas\u0131nda 12 puanla 14. s\u0131rada yer ald\u0131.<br \/>\n<br \/>\u00c7e\u015fme Belediyespor, 9 \u015eubat Pazar g\u00fcn\u00fc saat 14.00\u2019te Bucak O\u011fuzhanspor ile deplasmanda kar\u015f\u0131la\u015facak.<br \/><\/p>\n","protected":false},"excerpt":{"rendered":"<p>B\u00f6lgesel Amat\u00f6r Lig 4. Grup\u2019ta m\u00fccadele eden \u00c7e\u015fme Belediyespor, sahas\u0131nda kar\u015f\u0131la\u015ft\u0131\u011f\u0131 Torbal\u0131spor\u2019a\u00a0son dakika gol\u00fcyle 2-1 ma\u011flup olarak k\u00f6t\u00fc gidi\u015fat\u0131n\u0131 s\u00fcrd\u00fcrd\u00fc. Ge\u00e7ti\u011fimiz haftay\u0131 BAY tak\u0131m olarak ge\u00e7iren \u00c7e\u015fme Belediyespor, zirve m\u00fccadelesi veren Torbal\u0131spor\u2019u konuk etti.\u00a0Ma\u00e7\u0131n ilk yar\u0131s\u0131 15. dakikada Torbal\u0131sporlu G\u00fcrkan \u00d6zt\u00fcrk\u2019\u00fcn att\u0131\u011f\u0131 golle 1-0 sonu\u00e7land\u0131. Ma\u00e7\u0131n ikinci yar\u0131s\u0131nda \u00c7e\u015fme Belediyespor\u00a0oyuncusu Cem \u015eahinkaya, 65. dakikada att\u0131\u011f\u0131&#8230;<\/p>\n","protected":false},"author":1,"featured_media":14670,"comment_status":"open","ping_status":"open","sticky":false,"template":"","format":"standard","meta":{"_crdt_document":"","footnotes":""},"categories":[4],"tags":[],"class_list":["post-14669","post","type-post","status-publish","format-standard","has-post-thumbnail","hentry","category-spor"],"_links":{"self":[{"href":"https:\/\/www.egemtv.com\/index.php?rest_route=\/wp\/v2\/posts\/14669","targetHints":{"allow":["GET"]}}],"collection":[{"href":"https:\/\/www.egemtv.com\/index.php?rest_route=\/wp\/v2\/posts"}],"about":[{"href":"https:\/\/www.egemtv.com\/index.php?rest_route=\/wp\/v2\/types\/post"}],"author":[{"embeddable":true,"href":"https:\/\/www.egemtv.com\/index.php?rest_route=\/wp\/v2\/users\/1"}],"replies":[{"embeddable":true,"href":"https:\/\/www.egemtv.com\/index.php?rest_route=%2Fwp%2Fv2%2Fcomments&post=14669"}],"version-history":[{"count":1,"href":"https:\/\/www.egemtv.com\/index.php?rest_route=\/wp\/v2\/posts\/14669\/revisions"}],"predecessor-version":[{"id":14671,"href":"https:\/\/www.egemtv.com\/index.php?rest_route=\/wp\/v2\/posts\/14669\/revisions\/14671"}],"wp:featuredmedia":[{"embeddable":true,"href":"https:\/\/www.egemtv.com\/index.php?rest_route=\/wp\/v2\/media\/14670"}],"wp:attachment":[{"href":"https:\/\/www.egemtv.com\/index.php?rest_route=%2Fwp%2Fv2%2Fmedia&parent=14669"}],"wp:term":[{"taxonomy":"category","embeddable":true,"href":"https:\/\/www.egemtv.com\/index.php?rest_route=%2Fwp%2Fv2%2Fcategories&post=14669"},{"taxonomy":"post_tag","embeddable":true,"href":"https:\/\/www.egemtv.com\/index.php?rest_route=%2Fwp%2Fv2%2Ftags&post=14669"}],"curies":[{"name":"wp","href":"https:\/\/api.w.org\/{rel}","templated":true}]}}