{"id":14666,"date":"2025-02-02T20:11:47","date_gmt":"2025-02-02T17:11:47","guid":{"rendered":"https:\/\/www.egemtv.com\/?p=14666"},"modified":"2025-02-02T20:11:51","modified_gmt":"2025-02-02T17:11:51","slug":"birbirlerine-bicak-ve-silahla-saldiran-dolmus-soforlerinin-yardim-bekledikleri-anlar-kamerada","status":"publish","type":"post","link":"https:\/\/www.egemtv.com\/?p=14666","title":{"rendered":"Birbirlerine b\u0131\u00e7ak ve silahla sald\u0131ran dolmu\u015f \u015fof\u00f6rlerinin yard\u0131m bekledikleri anlar kamerada"},"content":{"rendered":"<p>Afyonkarahisar\u2019da dolmu\u015f \u015fof\u00f6rleri aras\u0131nda yolcu alma meselesi y\u00fcz\u00fcnden \u00e7\u0131kan silahl\u0131 ve b\u0131\u00e7akl\u0131 kavgada yaralanan \u015fof\u00f6rlerin yerde kanlar i\u00e7inde yard\u0131m beklerkenki g\u00f6r\u00fcnt\u00fcleri ortaya \u00e7\u0131kt\u0131. Afyonkarahisar \u015eof\u00f6rler ve Otomobilciler Odas\u0131\u2019ndan yap\u0131lan a\u00e7\u0131klamada ise olayda kullan\u0131lan b\u0131\u00e7ak ve t\u00fcfe\u011fin ara\u00e7larda neden bulunduruldu\u011funa de\u011finilmedi.<br \/>\n<br \/>Olay, Cumhuriyet Mahallesi Prof. Dr. Veysel Ero\u011flu Spor Salonu \u00f6n\u00fcnde meydana geldi. Edinilen bilgilere g\u00f6re, \u015fehir i\u00e7i yolcu ta\u015f\u0131mac\u0131l\u0131\u011f\u0131 yapan dolmu\u015f \u015fof\u00f6rlerinden Y.A. ve \u00d6.\u00d6. aras\u0131nda yolcu alma meselesi y\u00fcz\u00fcnden tart\u0131\u015fma \u00e7\u0131kt\u0131. Tart\u0131\u015fma b\u0131\u00e7akl\u0131, sopal\u0131 ve t\u00fcfekli kavgaya d\u00f6n\u00fc\u015f\u00fcrken, taraflar birbirlerine sald\u0131rd\u0131. Olayda O.\u00d6. sopa ile darp sonucu yaralan\u0131rken, di\u011fer dolmu\u015f \u015fof\u00f6r\u00fc Y.A. ise t\u00fcfekle bacaklar\u0131ndan vurulup, ayn\u0131 zamanda b\u0131\u00e7aklanarak a\u011f\u0131r yaraland\u0131. Olay\u0131n ard\u0131ndan \u00e7evredekilerin haber vermesi ile b\u00f6lgeye \u00e7ok say\u0131da polis ve sa\u011fl\u0131k ekibi sevk edildi. B\u00f6lgeye gelen ekipler yaral\u0131lar\u0131 ambulanslarla hastanelere kald\u0131rd\u0131. Polis taraf\u0131ndan b\u00f6lgede geni\u015f g\u00fcvenlik \u00f6nlemleri al\u0131nd\u0131.<\/p>\n<p>Yerde yard\u0131m bekleyenlere ilk m\u00fcdahaleyi \u00e7evredekiler yapt\u0131<br \/>\n<br \/>Olay sonras\u0131 yaralanan ve yerde yatan \u015fah\u0131slar\u0131n yard\u0131m bekledikleri anlar \u00e7evredeki vatanda\u015flar taraf\u0131ndan cep telefonu ile kay\u0131t alt\u0131na al\u0131nd\u0131. G\u00f6r\u00fcnt\u00fclerde vatanda\u015flar\u0131n yerde yatan Y.A.\u2019ya kemerle turnike yaparak kan kayb\u0131n\u0131 \u00f6nlemeye \u00e7al\u0131\u015ft\u0131klar\u0131 g\u00f6r\u00fcld\u00fc. G\u00f6r\u00fcnt\u00fclerde ayr\u0131ca vatanda\u015flar\u0131n duruma tepki g\u00f6sterdikleri de g\u00f6zlendi.<\/p>\n<p>&#8220;Minib\u00fcs \u015fof\u00f6rlerimiz aras\u0131nda kavgada \u015f\u00fck\u00fcrler olsun vefat yoktur&#8221;<br \/>\n<br \/>Afyonkarahisar \u015eof\u00f6rler ve Otomobilciler Odas\u0131\u2019ndan \u0130brahim Karata\u015f olay sonras\u0131 sosyal medya \u00fczerinden yapt\u0131\u011f\u0131 a\u00e7\u0131klamada ise olayda kullan\u0131lan b\u0131\u00e7ak, sopa ve t\u00fcfeklerin ara\u00e7larda ne arad\u0131\u011f\u0131 konusuna a\u00e7\u0131kl\u0131k getirmedi. Karata\u015f a\u00e7\u0131klamas\u0131nda, &#8220;Minib\u00fcs \u015fof\u00f6rlerimiz aras\u0131nda kavgada \u015f\u00fck\u00fcrler olsun vefat yoktur. Her iki taraf\u0131n da geriden gelen bir husumeti yoktur. Olay trafikte tamamen geli\u015fmi\u015f bir durum. \u00dczg\u00fcn\u00fcz&#8221; dedi.<br \/><\/p>\n","protected":false},"excerpt":{"rendered":"<p>Afyonkarahisar\u2019da dolmu\u015f \u015fof\u00f6rleri aras\u0131nda yolcu alma meselesi y\u00fcz\u00fcnden \u00e7\u0131kan silahl\u0131 ve b\u0131\u00e7akl\u0131 kavgada yaralanan \u015fof\u00f6rlerin yerde kanlar i\u00e7inde yard\u0131m beklerkenki g\u00f6r\u00fcnt\u00fcleri ortaya \u00e7\u0131kt\u0131. Afyonkarahisar \u015eof\u00f6rler ve Otomobilciler Odas\u0131\u2019ndan yap\u0131lan a\u00e7\u0131klamada ise olayda kullan\u0131lan b\u0131\u00e7ak ve t\u00fcfe\u011fin ara\u00e7larda neden bulunduruldu\u011funa de\u011finilmedi. Olay, Cumhuriyet Mahallesi Prof. Dr. Veysel Ero\u011flu Spor Salonu \u00f6n\u00fcnde meydana geldi. Edinilen bilgilere g\u00f6re,&#8230;<\/p>\n","protected":false},"author":1,"featured_media":14667,"comment_status":"open","ping_status":"open","sticky":false,"template":"","format":"standard","meta":{"_crdt_document":"","footnotes":""},"categories":[5],"tags":[],"class_list":["post-14666","post","type-post","status-publish","format-standard","has-post-thumbnail","hentry","category-asayis"],"_links":{"self":[{"href":"https:\/\/www.egemtv.com\/index.php?rest_route=\/wp\/v2\/posts\/14666","targetHints":{"allow":["GET"]}}],"collection":[{"href":"https:\/\/www.egemtv.com\/index.php?rest_route=\/wp\/v2\/posts"}],"about":[{"href":"https:\/\/www.egemtv.com\/index.php?rest_route=\/wp\/v2\/types\/post"}],"author":[{"embeddable":true,"href":"https:\/\/www.egemtv.com\/index.php?rest_route=\/wp\/v2\/users\/1"}],"replies":[{"embeddable":true,"href":"https:\/\/www.egemtv.com\/index.php?rest_route=%2Fwp%2Fv2%2Fcomments&post=14666"}],"version-history":[{"count":1,"href":"https:\/\/www.egemtv.com\/index.php?rest_route=\/wp\/v2\/posts\/14666\/revisions"}],"predecessor-version":[{"id":14668,"href":"https:\/\/www.egemtv.com\/index.php?rest_route=\/wp\/v2\/posts\/14666\/revisions\/14668"}],"wp:featuredmedia":[{"embeddable":true,"href":"https:\/\/www.egemtv.com\/index.php?rest_route=\/wp\/v2\/media\/14667"}],"wp:attachment":[{"href":"https:\/\/www.egemtv.com\/index.php?rest_route=%2Fwp%2Fv2%2Fmedia&parent=14666"}],"wp:term":[{"taxonomy":"category","embeddable":true,"href":"https:\/\/www.egemtv.com\/index.php?rest_route=%2Fwp%2Fv2%2Fcategories&post=14666"},{"taxonomy":"post_tag","embeddable":true,"href":"https:\/\/www.egemtv.com\/index.php?rest_route=%2Fwp%2Fv2%2Ftags&post=14666"}],"curies":[{"name":"wp","href":"https:\/\/api.w.org\/{rel}","templated":true}]}}