{"id":14663,"date":"2025-02-02T20:04:47","date_gmt":"2025-02-02T17:04:47","guid":{"rendered":"https:\/\/www.egemtv.com\/?p=14663"},"modified":"2025-02-02T20:04:54","modified_gmt":"2025-02-02T17:04:54","slug":"baskan-cercioglu-aydin-sanayisinin-gelisimine-katki-sunmak-icin-calismaya-devam-edecegiz","status":"publish","type":"post","link":"https:\/\/www.egemtv.com\/?p=14663","title":{"rendered":"Ba\u015fkan \u00c7er\u00e7io\u011flu: &#8220;Ayd\u0131n sanayisinin geli\u015fimine katk\u0131 sunmak i\u00e7in \u00e7al\u0131\u015fmaya devam edece\u011fiz&#8221;"},"content":{"rendered":"<p>\u0130talya\u2019n\u0131n T\u00fcrkiye B\u00fcy\u00fckel\u00e7isi ve \u0130zmir \u0130talya Konsolosu ile bir araya gelen Ayd\u0131n B\u00fcy\u00fck\u015fehir Belediye Ba\u015fkan\u0131 \u00d6zlem \u00c7er\u00e7io\u011flu, Ayd\u0131n sanayisinin geli\u015fimine katk\u0131 sunmak i\u00e7in \u00e7al\u0131\u015fmaya devam edeceklerini s\u00f6yledi.<\/p>\n<p>Ayd\u0131n sanayisine y\u00f6nelik \u00e7al\u0131\u015fmalar\u0131na devam eden Ayd\u0131n B\u00fcy\u00fck\u015fehir Belediye Ba\u015fkan\u0131 \u00d6zlem \u00c7er\u00e7io\u011flu, \u0130talya\u2019n\u0131n T\u00fcrkiye B\u00fcy\u00fckel\u00e7isi Giorgio Marrapodi, \u0130zmir \u0130talya Konsolosu Daniele Bianchi, Ayd\u0131n Sanayi Odas\u0131 Ba\u015fkan\u0131 G\u00f6khan Mara\u015f ve Ayd\u0131n Sanayi Odas\u0131 Meclis Ba\u015fkan\u0131 Hakk\u0131 G\u00f6zl\u00fckl\u00fc ile bir araya geldi. Ayd\u0131n\u2019\u0131n sanayisini geli\u015ftirmeye y\u00f6nelik yap\u0131lacak \u00e7al\u0131\u015fmalar hakk\u0131nda bilgi al\u0131\u015fveri\u015finde bulunan Ba\u015fkan \u00c7er\u00e7io\u011flu, sanayicilerin ihracatlar\u0131n\u0131 kolayla\u015ft\u0131rmak ad\u0131na da yap\u0131lacak protokoller hakk\u0131nda bilgi ald\u0131.<\/p>\n<p>Ayd\u0131n\u2019\u0131n tar\u0131mdan sanayiye kadar her alanda kalk\u0131nmas\u0131 ad\u0131na \u00e7al\u0131\u015fmalar\u0131n\u0131 s\u00fcrd\u00fcrmeye devam edeceklerini ifade eden Ayd\u0131n B\u00fcy\u00fck\u015fehir Belediye Ba\u015fkan\u0131 \u00d6zlem \u00c7er\u00e7io\u011flu; &#8220;Ayd\u0131n\u2019\u0131m\u0131z\u0131n sanayisinin geli\u015fimine katk\u0131 sunmak i\u00e7in \u00e7al\u0131\u015fmaya devam edece\u011fiz&#8221; dedi.<br \/><\/p>\n","protected":false},"excerpt":{"rendered":"<p>\u0130talya\u2019n\u0131n T\u00fcrkiye B\u00fcy\u00fckel\u00e7isi ve \u0130zmir \u0130talya Konsolosu ile bir araya gelen Ayd\u0131n B\u00fcy\u00fck\u015fehir Belediye Ba\u015fkan\u0131 \u00d6zlem \u00c7er\u00e7io\u011flu, Ayd\u0131n sanayisinin geli\u015fimine katk\u0131 sunmak i\u00e7in \u00e7al\u0131\u015fmaya devam edeceklerini s\u00f6yledi. Ayd\u0131n sanayisine y\u00f6nelik \u00e7al\u0131\u015fmalar\u0131na devam eden Ayd\u0131n B\u00fcy\u00fck\u015fehir Belediye Ba\u015fkan\u0131 \u00d6zlem \u00c7er\u00e7io\u011flu, \u0130talya\u2019n\u0131n T\u00fcrkiye B\u00fcy\u00fckel\u00e7isi Giorgio Marrapodi, \u0130zmir \u0130talya Konsolosu Daniele Bianchi, Ayd\u0131n Sanayi Odas\u0131 Ba\u015fkan\u0131 G\u00f6khan Mara\u015f&#8230;<\/p>\n","protected":false},"author":1,"featured_media":14664,"comment_status":"open","ping_status":"open","sticky":false,"template":"","format":"standard","meta":{"_crdt_document":"","footnotes":""},"categories":[125],"tags":[],"class_list":["post-14663","post","type-post","status-publish","format-standard","has-post-thumbnail","hentry","category-ekonomi"],"_links":{"self":[{"href":"https:\/\/www.egemtv.com\/index.php?rest_route=\/wp\/v2\/posts\/14663","targetHints":{"allow":["GET"]}}],"collection":[{"href":"https:\/\/www.egemtv.com\/index.php?rest_route=\/wp\/v2\/posts"}],"about":[{"href":"https:\/\/www.egemtv.com\/index.php?rest_route=\/wp\/v2\/types\/post"}],"author":[{"embeddable":true,"href":"https:\/\/www.egemtv.com\/index.php?rest_route=\/wp\/v2\/users\/1"}],"replies":[{"embeddable":true,"href":"https:\/\/www.egemtv.com\/index.php?rest_route=%2Fwp%2Fv2%2Fcomments&post=14663"}],"version-history":[{"count":1,"href":"https:\/\/www.egemtv.com\/index.php?rest_route=\/wp\/v2\/posts\/14663\/revisions"}],"predecessor-version":[{"id":14665,"href":"https:\/\/www.egemtv.com\/index.php?rest_route=\/wp\/v2\/posts\/14663\/revisions\/14665"}],"wp:featuredmedia":[{"embeddable":true,"href":"https:\/\/www.egemtv.com\/index.php?rest_route=\/wp\/v2\/media\/14664"}],"wp:attachment":[{"href":"https:\/\/www.egemtv.com\/index.php?rest_route=%2Fwp%2Fv2%2Fmedia&parent=14663"}],"wp:term":[{"taxonomy":"category","embeddable":true,"href":"https:\/\/www.egemtv.com\/index.php?rest_route=%2Fwp%2Fv2%2Fcategories&post=14663"},{"taxonomy":"post_tag","embeddable":true,"href":"https:\/\/www.egemtv.com\/index.php?rest_route=%2Fwp%2Fv2%2Ftags&post=14663"}],"curies":[{"name":"wp","href":"https:\/\/api.w.org\/{rel}","templated":true}]}}