{"id":14657,"date":"2025-02-02T18:59:04","date_gmt":"2025-02-02T15:59:04","guid":{"rendered":"https:\/\/www.egemtv.com\/?p=14657"},"modified":"2025-02-02T18:59:08","modified_gmt":"2025-02-02T15:59:08","slug":"manisa-fk-fatih-karagumruk-macinin-ardindan","status":"publish","type":"post","link":"https:\/\/www.egemtv.com\/?p=14657","title":{"rendered":"Manisa FK &#8211; Fatih Karag\u00fcmr\u00fck ma\u00e7\u0131n\u0131n ard\u0131ndan"},"content":{"rendered":"<p>Trendyol 1 .Lig\u2019in 22. haftas\u0131nda oynanan Manisa Futbol Kul\u00fcb\u00fc-Fatih Karag\u00fcmr\u00fck ma\u00e7\u0131n\u0131n ard\u0131ndan d\u00fczenlenen bas\u0131n toplant\u0131s\u0131nda iki tak\u0131m\u0131n teknik sorumlular\u0131 a\u00e7\u0131klamalarda bulundu.<br \/>\n<br \/>Trendyol 1. Lig\u2019in 22. haftas\u0131nda Manisa Futbol Kul\u00fcb\u00fc, sahas\u0131nda kar\u015f\u0131la\u015ft\u0131\u011f\u0131 Fatih Karag\u00fcmr\u00fck ile 2-2 berabere kald\u0131. Manisa FK Teknik Sorumlusu Mesut T\u00fcfenko\u011flu, g\u00e7en hafta ald\u0131klar\u0131 galibiyetin anlaml\u0131 olmas\u0131 i\u00e7in \u00f6nemli bir m\u00fcsabakaya \u00e7\u0131kt\u0131klar\u0131n\u0131 belirterek, &#8220;Karag\u00fcmr\u00fck ma\u00e7\u0131na bu anlamda \u00e7ok \u00f6nem vermi\u015ftik. \u0130ki tak\u0131m\u0131n da puan cetvelinde \u00fcste \u00e7\u0131kma m\u00fccadelesi vard\u0131. 17. dakikada 2-0 \u00f6ne ge\u00e7tikten sonra biraz oyun olarak geriye yasland\u0131k. Bu aral\u0131kta 2 tane arka arkaya kalemizde gol g\u00f6rd\u00fck. \u0130kinci yar\u0131 biraz daha oyunun kontrol\u00fcn\u00fc elimize al\u0131p ataklar yapmaya ba\u015flad\u0131k ama sonunu getiremedik. Lig yeni ba\u015flad\u0131. Her tak\u0131m takviyeler yap\u0131yor. G\u00fc\u00e7l\u00fc puan m\u00fccadeleleri veriliyor&#8221; dedi.<\/p>\n<p>Fatih Karag\u00fcmr\u00fck cephesi<br \/>\n<br \/>Fatih Karag\u00fcmr\u00fck Teknik Direkt\u00f6r\u00fc Orhan Ak ise, &#8220;\u0130ki tane \u00e7ok a\u011f\u0131r ma\u00e7tan sonra hem fiziksel olarak hem zihinsel olarak hem de oyuncu kayb\u0131 olarak \u00e7ok zorlu bir iki hafta ge\u00e7irdik. \u00c7ok ciddi haz\u0131rlanm\u0131\u015ft\u0131k. Tak\u0131mla daha fazla zaman ge\u00e7irme imkan\u0131m oldu. \u0130yi \u00e7al\u0131\u015ft\u0131\u011f\u0131m\u0131z\u0131 d\u00fc\u015f\u00fcn\u00fcyorum. Ma\u00e7tan \u00f6nce konsantrasyon \u00e7ok y\u00fcksekti. Bu kadar k\u00f6t\u00fc bir ba\u015flang\u0131\u00e7 beklemiyordum. Bir anda 2-0 geriye d\u00fc\u015ft\u00fck. O s\u00fcre\u00e7 beklemedi\u011fim bir \u015feydi. Bu kadar k\u00f6t\u00fc bir ba\u015flang\u0131\u00e7tan sonra tekrar oyuna d\u00f6nebilmek bizim i\u00e7in bir art\u0131 de\u011fer diyebilirim. Biz \u015fampiyonlu\u011fa oynuyoruz. Ne kadar eksik olsak da sahaya bir tak\u0131m halinde \u00e7\u0131k\u0131yoruz. \u0130yi bir tak\u0131msan\u0131z eksiklikleri hissettirmemeniz laz\u0131m. Oyuncular\u0131m\u0131 bu fedakarl\u0131klar\u0131ndan ve birlikteliklerinden dolay\u0131 kutluyorum. 2-2\u2019den sonra da kazanma iste\u011fini sahaya yans\u0131tt\u0131lar. Manisa FK da iyi bir tak\u0131m olmu\u015f. \u00c7ok ciddi bir tak\u0131m. Kendilerine bundan sonraki ma\u00e7ta ba\u015far\u0131lar diliyorum&#8221; diye konu\u015ftu.<br \/><\/p>\n","protected":false},"excerpt":{"rendered":"<p>Trendyol 1 .Lig\u2019in 22. haftas\u0131nda oynanan Manisa Futbol Kul\u00fcb\u00fc-Fatih Karag\u00fcmr\u00fck ma\u00e7\u0131n\u0131n ard\u0131ndan d\u00fczenlenen bas\u0131n toplant\u0131s\u0131nda iki tak\u0131m\u0131n teknik sorumlular\u0131 a\u00e7\u0131klamalarda bulundu. Trendyol 1. Lig\u2019in 22. haftas\u0131nda Manisa Futbol Kul\u00fcb\u00fc, sahas\u0131nda kar\u015f\u0131la\u015ft\u0131\u011f\u0131 Fatih Karag\u00fcmr\u00fck ile 2-2 berabere kald\u0131. Manisa FK Teknik Sorumlusu Mesut T\u00fcfenko\u011flu, g\u00e7en hafta ald\u0131klar\u0131 galibiyetin anlaml\u0131 olmas\u0131 i\u00e7in \u00f6nemli bir m\u00fcsabakaya \u00e7\u0131kt\u0131klar\u0131n\u0131 belirterek,&#8230;<\/p>\n","protected":false},"author":1,"featured_media":14658,"comment_status":"open","ping_status":"open","sticky":false,"template":"","format":"standard","meta":{"_crdt_document":"","footnotes":""},"categories":[4],"tags":[],"class_list":["post-14657","post","type-post","status-publish","format-standard","has-post-thumbnail","hentry","category-spor"],"_links":{"self":[{"href":"https:\/\/www.egemtv.com\/index.php?rest_route=\/wp\/v2\/posts\/14657","targetHints":{"allow":["GET"]}}],"collection":[{"href":"https:\/\/www.egemtv.com\/index.php?rest_route=\/wp\/v2\/posts"}],"about":[{"href":"https:\/\/www.egemtv.com\/index.php?rest_route=\/wp\/v2\/types\/post"}],"author":[{"embeddable":true,"href":"https:\/\/www.egemtv.com\/index.php?rest_route=\/wp\/v2\/users\/1"}],"replies":[{"embeddable":true,"href":"https:\/\/www.egemtv.com\/index.php?rest_route=%2Fwp%2Fv2%2Fcomments&post=14657"}],"version-history":[{"count":1,"href":"https:\/\/www.egemtv.com\/index.php?rest_route=\/wp\/v2\/posts\/14657\/revisions"}],"predecessor-version":[{"id":14659,"href":"https:\/\/www.egemtv.com\/index.php?rest_route=\/wp\/v2\/posts\/14657\/revisions\/14659"}],"wp:featuredmedia":[{"embeddable":true,"href":"https:\/\/www.egemtv.com\/index.php?rest_route=\/wp\/v2\/media\/14658"}],"wp:attachment":[{"href":"https:\/\/www.egemtv.com\/index.php?rest_route=%2Fwp%2Fv2%2Fmedia&parent=14657"}],"wp:term":[{"taxonomy":"category","embeddable":true,"href":"https:\/\/www.egemtv.com\/index.php?rest_route=%2Fwp%2Fv2%2Fcategories&post=14657"},{"taxonomy":"post_tag","embeddable":true,"href":"https:\/\/www.egemtv.com\/index.php?rest_route=%2Fwp%2Fv2%2Ftags&post=14657"}],"curies":[{"name":"wp","href":"https:\/\/api.w.org\/{rel}","templated":true}]}}