{"id":14654,"date":"2025-02-02T18:57:34","date_gmt":"2025-02-02T15:57:34","guid":{"rendered":"https:\/\/www.egemtv.com\/?p=14654"},"modified":"2025-02-02T18:57:39","modified_gmt":"2025-02-02T15:57:39","slug":"izmirde-16-torbali-deve-guresleri-festivali-duzenlendi","status":"publish","type":"post","link":"https:\/\/www.egemtv.com\/?p=14654","title":{"rendered":"\u0130zmir\u2019de 16. Torbal\u0131 Deve G\u00fcre\u015fleri Festivali d\u00fczenlendi"},"content":{"rendered":"<p>\u0130zmir\u2019in Torbal\u0131 il\u00e7esinde, 16. Geleneksel Deve G\u00fcre\u015fleri Festivali yap\u0131ld\u0131.<br \/>\n<br \/>Torbal\u0131 Belediyesi taraf\u0131ndan d\u00fczenlenen 16. Geleneksel Deve G\u00fcre\u015fleri Festivali, yo\u011fun kat\u0131l\u0131mla il\u00e7ede bulunan \u00d6zbey Deve G\u00fcre\u015fi Alan\u0131\u2019nda yap\u0131ld\u0131. Festivalde deve g\u00fcre\u015fleri kapsam\u0131nda, Torbal\u0131 Belediye Ba\u015fkanl\u0131\u011f\u0131 kupas\u0131 ve \u0130zmir B\u00fcy\u00fck\u015fehir Belediye Ba\u015fkanl\u0131\u011f\u0131 Kupa T\u00f6reni ger\u00e7ekle\u015ftirildi. \u0130zmir B\u00fcy\u00fck\u015fehir Belediye Ba\u015fkanl\u0131\u011f\u0131 Kupas\u0131\u2019n\u0131 kazanan deve sahiplerine kupalar\u0131 takdim edildi. Festivale kat\u0131lan \u0130zmir B\u00fcy\u00fck\u015fehir Belediye Ba\u015fkan\u0131 Cemil Tugay, \u0130l\u00e7e belediye ba\u015fkanlar\u0131 ile birlikte festival alan\u0131nda bulunan yurtta\u015flarla selamla\u015farak onlara geleneksel Y\u00f6r\u00fck po\u015fusu hediye etti.<br \/>\n<br \/>Festivalde konu\u015fan ve burada olmaktan dolay\u0131 mutluluk duydu\u011funu ifade eden \u0130zmir B\u00fcy\u00fck\u015fehir Belediye Ba\u015fkan\u0131 Cemil Tugay, &#8220;Daha \u00f6nce aday olarak g\u00fcre\u015fe gelmi\u015ftim. Bu d\u00f6nem boyunca, deve g\u00fcre\u015flerinin oldu\u011fu her yere  vatanda\u015flar\u0131m\u0131za merhaba demek i\u00e7in gittim. Halk\u0131m\u0131z\u0131n, milletimizin gelenek ve g\u00f6rene\u011fi neredeyse biz de onlar\u0131n yan\u0131nda olaca\u011f\u0131z. Olmaya da devam edece\u011fiz. \u0130zmir\u2019de milletimizin ya\u015fatmaya \u00e7al\u0131\u015ft\u0131\u011f\u0131 b\u00fct\u00fcn gelenek ve g\u00f6reneklerin yan\u0131nda olaca\u011f\u0131z&#8221; diye konu\u015ftu.<\/p>\n<p>&#8220;Bu gurur T\u00fcrk milletinin&#8221;<br \/>\n<br \/>Tugay, Hamsi \u015eenli\u011fi\u2019nde ya\u015fanan bir diyalo\u011fu da hat\u0131rlatarak &#8220;Bir han\u0131mefendi yakla\u015f\u0131p bana \u2019Ordudan at\u0131lan te\u011fmenleri belediyede i\u015fe alacakm\u0131\u015fs\u0131n, do\u011fru mu?\u2019 dedi. \u2019Evet\u2019 dedim. Bana \u2019Aln\u0131ndan \u00f6pebilir miyim?\u2019 dedi. Bu gurur bizim. Bu gurur T\u00fcrk milletinin. Ya\u015fas\u0131n T\u00fcrkiye, ya\u015fas\u0131n \u0130zmir. Hepimiz Mustafa Kemal\u2019in askerleriyiz&#8221; diye konu\u015ftu.<\/p>\n<p>&#8220;A\u011fabeylik ve babal\u0131k yap\u0131yor&#8221;<br \/>\n<br \/>Festivalde konu\u015fan Torbal\u0131 Belediye Ba\u015fkan\u0131 \u00d6v\u00fcn\u00e7 Demir ise &#8220;Bizlere se\u00e7ildi\u011fi g\u00fcnden bug\u00fcne a\u011fabeylik yapan, babal\u0131k yapan, biz ne istiyorsak hep fazlas\u0131n\u0131 veren, Torbal\u0131\u2019n\u0131n, \u0130zmir\u2019in Cemil Ba\u015fkan\u0131\u2019na te\u015fekk\u00fcr ediyorum&#8221; ifadelerini kulland\u0131.<br \/><\/p>\n","protected":false},"excerpt":{"rendered":"<p>\u0130zmir\u2019in Torbal\u0131 il\u00e7esinde, 16. Geleneksel Deve G\u00fcre\u015fleri Festivali yap\u0131ld\u0131. Torbal\u0131 Belediyesi taraf\u0131ndan d\u00fczenlenen 16. Geleneksel Deve G\u00fcre\u015fleri Festivali, yo\u011fun kat\u0131l\u0131mla il\u00e7ede bulunan \u00d6zbey Deve G\u00fcre\u015fi Alan\u0131\u2019nda yap\u0131ld\u0131. Festivalde deve g\u00fcre\u015fleri kapsam\u0131nda, Torbal\u0131 Belediye Ba\u015fkanl\u0131\u011f\u0131 kupas\u0131 ve \u0130zmir B\u00fcy\u00fck\u015fehir Belediye Ba\u015fkanl\u0131\u011f\u0131 Kupa T\u00f6reni ger\u00e7ekle\u015ftirildi. \u0130zmir B\u00fcy\u00fck\u015fehir Belediye Ba\u015fkanl\u0131\u011f\u0131 Kupas\u0131\u2019n\u0131 kazanan deve sahiplerine kupalar\u0131 takdim edildi. Festivale&#8230;<\/p>\n","protected":false},"author":1,"featured_media":14655,"comment_status":"open","ping_status":"open","sticky":false,"template":"","format":"standard","meta":{"_crdt_document":"","footnotes":""},"categories":[1],"tags":[],"class_list":["post-14654","post","type-post","status-publish","format-standard","has-post-thumbnail","hentry","category-guncel"],"_links":{"self":[{"href":"https:\/\/www.egemtv.com\/index.php?rest_route=\/wp\/v2\/posts\/14654","targetHints":{"allow":["GET"]}}],"collection":[{"href":"https:\/\/www.egemtv.com\/index.php?rest_route=\/wp\/v2\/posts"}],"about":[{"href":"https:\/\/www.egemtv.com\/index.php?rest_route=\/wp\/v2\/types\/post"}],"author":[{"embeddable":true,"href":"https:\/\/www.egemtv.com\/index.php?rest_route=\/wp\/v2\/users\/1"}],"replies":[{"embeddable":true,"href":"https:\/\/www.egemtv.com\/index.php?rest_route=%2Fwp%2Fv2%2Fcomments&post=14654"}],"version-history":[{"count":1,"href":"https:\/\/www.egemtv.com\/index.php?rest_route=\/wp\/v2\/posts\/14654\/revisions"}],"predecessor-version":[{"id":14656,"href":"https:\/\/www.egemtv.com\/index.php?rest_route=\/wp\/v2\/posts\/14654\/revisions\/14656"}],"wp:featuredmedia":[{"embeddable":true,"href":"https:\/\/www.egemtv.com\/index.php?rest_route=\/wp\/v2\/media\/14655"}],"wp:attachment":[{"href":"https:\/\/www.egemtv.com\/index.php?rest_route=%2Fwp%2Fv2%2Fmedia&parent=14654"}],"wp:term":[{"taxonomy":"category","embeddable":true,"href":"https:\/\/www.egemtv.com\/index.php?rest_route=%2Fwp%2Fv2%2Fcategories&post=14654"},{"taxonomy":"post_tag","embeddable":true,"href":"https:\/\/www.egemtv.com\/index.php?rest_route=%2Fwp%2Fv2%2Ftags&post=14654"}],"curies":[{"name":"wp","href":"https:\/\/api.w.org\/{rel}","templated":true}]}}