{"id":14651,"date":"2025-02-02T18:57:29","date_gmt":"2025-02-02T15:57:29","guid":{"rendered":"https:\/\/www.egemtv.com\/?p=14651"},"modified":"2025-02-02T18:57:33","modified_gmt":"2025-02-02T15:57:33","slug":"sandalyede-oturur-halde-olu-bulunan-sahsin-kimligi-belli-oldu","status":"publish","type":"post","link":"https:\/\/www.egemtv.com\/?p=14651","title":{"rendered":"Sandalyede oturur halde \u00f6l\u00fc bulunan \u015fahs\u0131n kimli\u011fi belli oldu"},"content":{"rendered":"<p>Mu\u011fla\u2019n\u0131n Milas il\u00e7esinde b\u0131\u00e7aklanm\u0131\u015f halde sandalyede \u00f6l\u00fc olarak bulunan \u015fahs\u0131n Halil \u0130brahim Mercan (48) oldu\u011fu tespit edildi.<\/p>\n<p>Olay, Milas il\u00e7esi Cumhuriyet Caddesi \u00fczerinde sabah saatlerinde meydana geldi. Edinilen bilgiye g\u00f6re \u00e7evreden ge\u00e7en vatanda\u015flar, e\u011flence mekanlar\u0131n\u0131n oldu\u011fu bir sokak \u00fczerindeki sandalyede 1 ki\u015finin hareketsiz bir \u015fekilde oturdu\u011funu fark etti. Durumdan \u015f\u00fcphelenen vatanda\u015flar 112 Acil \u00c7a\u011fr\u0131 Merkezi\u2019ni arayarak ihbarda bulundu. \u0130hbar \u00fczerine b\u00f6lgeye sa\u011fl\u0131k ve polis ekipleri sevk edildi. K\u0131sa s\u00fcrede olay yerine gelen sa\u011fl\u0131k ekipleri \u015fahs\u0131n hayat\u0131n\u0131 kaybetti\u011fini belirledi. B\u0131\u00e7akland\u0131\u011f\u0131 ve kan kaybetti\u011fi belirlenen \u015fahs\u0131n kimli\u011fi yap\u0131lan \u00e7al\u0131\u015fmalar\u0131n ard\u0131ndan belli oldu. Sandalyede oturur vaziyette \u00f6l\u00fc bulunan \u015fahs\u0131n, Milas\u2019ta manavl\u0131k yapan 48 ya\u015f\u0131ndaki Halil \u0130brahim Mercan oldu\u011fu tespit edildi. Mercan\u2019\u0131 \u00f6ld\u00fcren ki\u015fi yada ki\u015filerin belirlenmesi i\u00e7in \u00e7al\u0131\u015fma ba\u015flat\u0131l\u0131rken, b\u00f6lgede b\u00fct\u00fcn g\u00fcvenlik kameralar\u0131 da incelemeye al\u0131nd\u0131. Mercan\u2019\u0131n cenazesi otopsi i\u00e7in adli t\u0131p kurumuna kald\u0131r\u0131l\u0131rken, sald\u0131r\u0131n\u0131n nedeni ve faillerin kimli\u011fi \u00fczerine soru\u015fturma s\u00fcr\u00fcyor.<br \/><\/p>\n","protected":false},"excerpt":{"rendered":"<p>Mu\u011fla\u2019n\u0131n Milas il\u00e7esinde b\u0131\u00e7aklanm\u0131\u015f halde sandalyede \u00f6l\u00fc olarak bulunan \u015fahs\u0131n Halil \u0130brahim Mercan (48) oldu\u011fu tespit edildi. Olay, Milas il\u00e7esi Cumhuriyet Caddesi \u00fczerinde sabah saatlerinde meydana geldi. Edinilen bilgiye g\u00f6re \u00e7evreden ge\u00e7en vatanda\u015flar, e\u011flence mekanlar\u0131n\u0131n oldu\u011fu bir sokak \u00fczerindeki sandalyede 1 ki\u015finin hareketsiz bir \u015fekilde oturdu\u011funu fark etti. Durumdan \u015f\u00fcphelenen vatanda\u015flar 112 Acil \u00c7a\u011fr\u0131 Merkezi\u2019ni&#8230;<\/p>\n","protected":false},"author":1,"featured_media":14652,"comment_status":"open","ping_status":"open","sticky":false,"template":"","format":"standard","meta":{"_crdt_document":"","footnotes":""},"categories":[5],"tags":[],"class_list":["post-14651","post","type-post","status-publish","format-standard","has-post-thumbnail","hentry","category-asayis"],"_links":{"self":[{"href":"https:\/\/www.egemtv.com\/index.php?rest_route=\/wp\/v2\/posts\/14651","targetHints":{"allow":["GET"]}}],"collection":[{"href":"https:\/\/www.egemtv.com\/index.php?rest_route=\/wp\/v2\/posts"}],"about":[{"href":"https:\/\/www.egemtv.com\/index.php?rest_route=\/wp\/v2\/types\/post"}],"author":[{"embeddable":true,"href":"https:\/\/www.egemtv.com\/index.php?rest_route=\/wp\/v2\/users\/1"}],"replies":[{"embeddable":true,"href":"https:\/\/www.egemtv.com\/index.php?rest_route=%2Fwp%2Fv2%2Fcomments&post=14651"}],"version-history":[{"count":1,"href":"https:\/\/www.egemtv.com\/index.php?rest_route=\/wp\/v2\/posts\/14651\/revisions"}],"predecessor-version":[{"id":14653,"href":"https:\/\/www.egemtv.com\/index.php?rest_route=\/wp\/v2\/posts\/14651\/revisions\/14653"}],"wp:featuredmedia":[{"embeddable":true,"href":"https:\/\/www.egemtv.com\/index.php?rest_route=\/wp\/v2\/media\/14652"}],"wp:attachment":[{"href":"https:\/\/www.egemtv.com\/index.php?rest_route=%2Fwp%2Fv2%2Fmedia&parent=14651"}],"wp:term":[{"taxonomy":"category","embeddable":true,"href":"https:\/\/www.egemtv.com\/index.php?rest_route=%2Fwp%2Fv2%2Fcategories&post=14651"},{"taxonomy":"post_tag","embeddable":true,"href":"https:\/\/www.egemtv.com\/index.php?rest_route=%2Fwp%2Fv2%2Ftags&post=14651"}],"curies":[{"name":"wp","href":"https:\/\/api.w.org\/{rel}","templated":true}]}}