{"id":14648,"date":"2025-02-02T18:57:23","date_gmt":"2025-02-02T15:57:23","guid":{"rendered":"https:\/\/www.egemtv.com\/?p=14648"},"modified":"2025-02-02T18:57:28","modified_gmt":"2025-02-02T15:57:28","slug":"dolmuscular-arasinda-silahli-ve-bicakli-kavga-2-agir-yarali","status":"publish","type":"post","link":"https:\/\/www.egemtv.com\/?p=14648","title":{"rendered":"Dolmu\u015f\u00e7ular aras\u0131nda silahl\u0131 ve b\u0131\u00e7akl\u0131 kavga: 2 a\u011f\u0131r yaral\u0131"},"content":{"rendered":"<p>Afyonkarahisar\u2019da dolmu\u015f \u015fof\u00f6rleri aras\u0131nda yolcu alma meselesi y\u00fcz\u00fcnden \u00e7\u0131kan silahl\u0131 ve b\u0131\u00e7akl\u0131 kavgada 2 ki\u015fi a\u011f\u0131r yaraland\u0131.<br \/>\n<br \/>Olay, Cumhuriyet Mahallesi Prof. Dr. Veysel Ero\u011flu Spor Salonu \u00f6n\u00fcnde meydana geldi. Edinilen bilgilere g\u00f6re, Uydukent-\u00c7ar\u015f\u0131 Merkez ile \u00d6zdilek-\u00c7ar\u015f\u0131 Merkez aras\u0131nda \u00e7al\u0131\u015fan ve isimleri hen\u00fcz \u00f6\u011frenilemeyen dolmu\u015f \u015fof\u00f6rleri aras\u0131nda yolcu alma meselesi y\u00fcz\u00fcnden tart\u0131\u015fma \u00e7\u0131kt\u0131. Tart\u0131\u015fma b\u00fcy\u00fcyerek b\u0131\u00e7akl\u0131, sopal\u0131 ve t\u00fcfekli kavgaya d\u00f6n\u00fc\u015ft\u00fc. Dolmu\u015f \u015fof\u00f6r\u00fc, dolmu\u015ftan \u00e7\u0131kard\u0131\u011f\u0131 pompal\u0131 t\u00fcfekle di\u011fer dolmu\u015f\u00e7uya ate\u015f etti. \u00c7evredekilerin ihbar\u0131 \u00fczerine b\u00f6lgeye \u00e7ok say\u0131da polis ve sa\u011fl\u0131k ekibi sevk edildi. B\u00f6lgeye gelen ekipler kavgada a\u011f\u0131r yaralanan 2 ki\u015fiyi ambulanslarla hastanelere kald\u0131rd\u0131. B\u00f6lgede geni\u015f g\u00fcvenlik \u00f6nlemleri alan polis ekipleri, ara\u00e7larda mermi kovan\u0131 arad\u0131.<br \/>\n<br \/>\u00c7evrede b\u00fcy\u00fck panik ya\u015fan\u0131rken, olay\u0131n ya\u015fand\u0131\u011f\u0131 yolda trafik bir s\u00fcre polis ekipleri taraf\u0131ndan kontroll\u00fc \u015fekilde sa\u011fland\u0131. Polisin delilleri toplamas\u0131n\u0131n ve incelemelerini tamamlamas\u0131n\u0131n ard\u0131ndan b\u00f6lgede trafik normal seyrine d\u00f6nd\u00fc.<\/p>\n<p>T\u00fcfe\u011fin neden dolmu\u015fta ta\u015f\u0131nd\u0131\u011f\u0131 belirsizli\u011fini koruyor<br \/>\n<br \/>Ya\u015fanan olayla ilgili savc\u0131l\u0131k taraf\u0131ndan soru\u015fturma ba\u015flat\u0131ld\u0131. Olayda kullan\u0131lan t\u00fcfe\u011fin neden dolmu\u015fta ta\u015f\u0131nd\u0131\u011f\u0131 ise belirsizli\u011fini koruyor.<br \/><\/p>\n","protected":false},"excerpt":{"rendered":"<p>Afyonkarahisar\u2019da dolmu\u015f \u015fof\u00f6rleri aras\u0131nda yolcu alma meselesi y\u00fcz\u00fcnden \u00e7\u0131kan silahl\u0131 ve b\u0131\u00e7akl\u0131 kavgada 2 ki\u015fi a\u011f\u0131r yaraland\u0131. Olay, Cumhuriyet Mahallesi Prof. Dr. Veysel Ero\u011flu Spor Salonu \u00f6n\u00fcnde meydana geldi. Edinilen bilgilere g\u00f6re, Uydukent-\u00c7ar\u015f\u0131 Merkez ile \u00d6zdilek-\u00c7ar\u015f\u0131 Merkez aras\u0131nda \u00e7al\u0131\u015fan ve isimleri hen\u00fcz \u00f6\u011frenilemeyen dolmu\u015f \u015fof\u00f6rleri aras\u0131nda yolcu alma meselesi y\u00fcz\u00fcnden tart\u0131\u015fma \u00e7\u0131kt\u0131. Tart\u0131\u015fma b\u00fcy\u00fcyerek b\u0131\u00e7akl\u0131,&#8230;<\/p>\n","protected":false},"author":1,"featured_media":14649,"comment_status":"open","ping_status":"open","sticky":false,"template":"","format":"standard","meta":{"_crdt_document":"","footnotes":""},"categories":[5],"tags":[],"class_list":["post-14648","post","type-post","status-publish","format-standard","has-post-thumbnail","hentry","category-asayis"],"_links":{"self":[{"href":"https:\/\/www.egemtv.com\/index.php?rest_route=\/wp\/v2\/posts\/14648","targetHints":{"allow":["GET"]}}],"collection":[{"href":"https:\/\/www.egemtv.com\/index.php?rest_route=\/wp\/v2\/posts"}],"about":[{"href":"https:\/\/www.egemtv.com\/index.php?rest_route=\/wp\/v2\/types\/post"}],"author":[{"embeddable":true,"href":"https:\/\/www.egemtv.com\/index.php?rest_route=\/wp\/v2\/users\/1"}],"replies":[{"embeddable":true,"href":"https:\/\/www.egemtv.com\/index.php?rest_route=%2Fwp%2Fv2%2Fcomments&post=14648"}],"version-history":[{"count":1,"href":"https:\/\/www.egemtv.com\/index.php?rest_route=\/wp\/v2\/posts\/14648\/revisions"}],"predecessor-version":[{"id":14650,"href":"https:\/\/www.egemtv.com\/index.php?rest_route=\/wp\/v2\/posts\/14648\/revisions\/14650"}],"wp:featuredmedia":[{"embeddable":true,"href":"https:\/\/www.egemtv.com\/index.php?rest_route=\/wp\/v2\/media\/14649"}],"wp:attachment":[{"href":"https:\/\/www.egemtv.com\/index.php?rest_route=%2Fwp%2Fv2%2Fmedia&parent=14648"}],"wp:term":[{"taxonomy":"category","embeddable":true,"href":"https:\/\/www.egemtv.com\/index.php?rest_route=%2Fwp%2Fv2%2Fcategories&post=14648"},{"taxonomy":"post_tag","embeddable":true,"href":"https:\/\/www.egemtv.com\/index.php?rest_route=%2Fwp%2Fv2%2Ftags&post=14648"}],"curies":[{"name":"wp","href":"https:\/\/api.w.org\/{rel}","templated":true}]}}