{"id":14644,"date":"2025-02-02T18:34:18","date_gmt":"2025-02-02T15:34:18","guid":{"rendered":"https:\/\/www.egemtv.com\/?p=14644"},"modified":"2025-02-02T18:34:23","modified_gmt":"2025-02-02T15:34:23","slug":"trendyol-super-lig-goztepe-0-alanyaspor-1-mac-sonucu-2","status":"publish","type":"post","link":"https:\/\/www.egemtv.com\/?p=14644","title":{"rendered":"Trendyol S\u00fcper Lig: G\u00f6ztepe: 0 &#8211; Alanyaspor: 1 (Ma\u00e7 sonucu)"},"content":{"rendered":"<p>Trendyol S\u00fcper Lig\u2019in 22. haftas\u0131nda G\u00f6ztepe, sahas\u0131nda kar\u015f\u0131la\u015ft\u0131\u011f\u0131 Alanyaspor\u2019a 1-0 ma\u011flup oldu.<\/p>\n<p>Ma\u00e7tan dakikalar (\u0130kinci yar\u0131)<br \/>\n<br \/>59. dakikada sa\u011f kanattan kullan\u0131lan k\u00f6\u015fe vuru\u015fu sonras\u0131nda ceza sahas\u0131 i\u00e7inde Emerson\u2019un kafa vuru\u015funda seken topu arka direkte Juan kafayla Victor Hugo\u2019ya \u00e7evirdi. Hugo\u2019dan seken topu alan Emerson\u2019un vuru\u015funda ise Lima\u2019ya gelen me\u015fin yuvarla\u011f\u0131, hakem Arda Karde\u015fler, elleme oynama gerek\u00e7esiyle penalt\u0131 karar\u0131 verdi. VAR\u2019\u0131n uyar\u0131s\u0131yla penalt\u0131 karar\u0131 iptal edildi.<br \/>\n<br \/>65. dakikada Djalma\u2019n\u0131n sol kanattan ortas\u0131na ceza sahas\u0131 i\u00e7inde savunmada Fatih uzakla\u015ft\u0131rmak istedi ancak top kale \u00f6n\u00fcnde kald\u0131. Topa hamle yapmak isteyen kaleci Ertu\u011frul, Heliton ile m\u00fccadelesi s\u0131ras\u0131nda yerde kald\u0131. Pozisyonun devam\u0131nda kale \u00f6n\u00fcnde olu\u015fan karambolde Nielsen\u2019in kafa vuru\u015funda top \u00fcst dire\u011fe \u00e7arparak oyuna alan\u0131na d\u00f6nd\u00fc ve Heliton gelen topu kafayla a\u011flarla bulu\u015fturdu. Hakem Arda Karde\u015fler ilk anda g\u00f6l\u00fc verirken, VAR\u2019\u0131n uyar\u0131s\u0131 sonras\u0131nda yap\u0131lan incelemede gol iptal edildi.<br \/>\n<br \/>74. dakikada Miroshi kendi yar\u0131 sahas\u0131ndan g\u00f6nderdi\u011fi uzun pasta topla bulu\u015fan Juan, kaleye do\u011fru ilerleyip, yapt\u0131\u011f\u0131 vuru\u015fta me\u015fin yuvarlak kalenin \u00fczerinden \u00e7\u0131kt\u0131.<br \/>\n<br \/>80. dakikada Ahmed\u2019in sa\u011f taraftan kulland\u0131\u011f\u0131 k\u00f6\u015fe vuru\u015funda ceza sahas\u0131 i\u00e7inde savunman\u0131n kar\u015f\u0131lad\u0131\u011f\u0131 top ceza yay\u0131 \u00fczerinde Matsuki\u2019ye geldi. Matsuki kafayla ceza sahas\u0131 i\u00e7ine g\u00f6nderdi\u011fi topu kaleci Ertu\u011frul uzakla\u015ft\u0131rmak isterken, Bokele\u2019ye m\u00fcdahalesi sonras\u0131nda hakem penalt\u0131 karar\u0131 verdi.<br \/>\n<br \/>81. dakikada penalt\u0131da topun ba\u015f\u0131na ge\u00e7en Juan\u2019\u0131n sol k\u00f6\u015fe yapt\u0131\u011f\u0131 vuru\u015fta kaleci Ertu\u011frul uzanarak topun gol olmas\u0131n\u0131 engelledi.<\/p>\n<p>Hakemler: Arda Karde\u015fler, Cem \u00d6zbay, G\u00f6kmen Baltac\u0131<br \/>\n<br \/>G\u00f6ztepe: Mateusz Lis, Heliton, Koray G\u00fcnter (Og\u00fcn Bayrak dk. 23), Lasse Nielsen, Malcom Bokele, Djalma Silva (\u0130smail K\u00f6yba\u015f\u0131 dk. 87), Victor Hugo (Ahmed Ild\u0131z dk. 70), Novatus Miroshi, David Tijanic (Kuryu Matsuki dk. 70), Juan, Romulo (Emersonn dk. 46)<br \/>\n<br \/>Yedekler: Arda \u00d6z\u00e7imen, Furkan Bay\u0131r, Naz\u0131m Sangare, Do\u011fan Erdo\u011fan, Kubilay Kanats\u0131zku\u015f<br \/>\n<br \/>Teknik Direkt\u00f6r: Stanimir Stoilov<br \/>\n<br \/>Alanyaspor: Ertu\u011frul Ta\u015fk\u0131ran, Nuno Miguel Reis Lima, Fatih Aksoy, Jure Balkovec, Florent Hadergjonaj, Efecan Karaca, Enes Keskin (Juan Christian dk. 73), Yusuf \u00d6zdemir, Sergio Cordova, Ui-jo Hwang (Arda Usluo\u011flu dk. 90+6), Richard<br \/>\n<br \/>Yedekler: Mert Furkan Bayram, Yusuf Karag\u00f6z, H\u00fcseyin \u015een, Bera \u00c7eken, Nejdet Nezir Bilin, Taha \u00c7elik<br \/>\n<br \/>Teknik Direkt\u00f6r: Sami U\u011furlu<br \/>\n<br \/>Gol: Nuno Lima (dk. 45+1) (Alanyaspor)<br \/>\n<br \/>Sar\u0131 kartlar: Enes Keskin, Ertu\u011frul Ta\u015fk\u0131ran (Alanyaspor), Ahmed Ild\u0131z, Djalma, Miroshi (G\u00f6ztepe)<br \/><\/p>\n","protected":false},"excerpt":{"rendered":"<p>Trendyol S\u00fcper Lig\u2019in 22. haftas\u0131nda G\u00f6ztepe, sahas\u0131nda kar\u015f\u0131la\u015ft\u0131\u011f\u0131 Alanyaspor\u2019a 1-0 ma\u011flup oldu. Ma\u00e7tan dakikalar (\u0130kinci yar\u0131) 59. dakikada sa\u011f kanattan kullan\u0131lan k\u00f6\u015fe vuru\u015fu sonras\u0131nda ceza sahas\u0131 i\u00e7inde Emerson\u2019un kafa vuru\u015funda seken topu arka direkte Juan kafayla Victor Hugo\u2019ya \u00e7evirdi. Hugo\u2019dan seken topu alan Emerson\u2019un vuru\u015funda ise Lima\u2019ya gelen me\u015fin yuvarla\u011f\u0131, hakem Arda Karde\u015fler, elleme oynama&#8230;<\/p>\n","protected":false},"author":1,"featured_media":14645,"comment_status":"open","ping_status":"open","sticky":false,"template":"","format":"standard","meta":{"_crdt_document":"","footnotes":""},"categories":[4],"tags":[],"class_list":["post-14644","post","type-post","status-publish","format-standard","has-post-thumbnail","hentry","category-spor"],"_links":{"self":[{"href":"https:\/\/www.egemtv.com\/index.php?rest_route=\/wp\/v2\/posts\/14644","targetHints":{"allow":["GET"]}}],"collection":[{"href":"https:\/\/www.egemtv.com\/index.php?rest_route=\/wp\/v2\/posts"}],"about":[{"href":"https:\/\/www.egemtv.com\/index.php?rest_route=\/wp\/v2\/types\/post"}],"author":[{"embeddable":true,"href":"https:\/\/www.egemtv.com\/index.php?rest_route=\/wp\/v2\/users\/1"}],"replies":[{"embeddable":true,"href":"https:\/\/www.egemtv.com\/index.php?rest_route=%2Fwp%2Fv2%2Fcomments&post=14644"}],"version-history":[{"count":1,"href":"https:\/\/www.egemtv.com\/index.php?rest_route=\/wp\/v2\/posts\/14644\/revisions"}],"predecessor-version":[{"id":14647,"href":"https:\/\/www.egemtv.com\/index.php?rest_route=\/wp\/v2\/posts\/14644\/revisions\/14647"}],"wp:featuredmedia":[{"embeddable":true,"href":"https:\/\/www.egemtv.com\/index.php?rest_route=\/wp\/v2\/media\/14645"}],"wp:attachment":[{"href":"https:\/\/www.egemtv.com\/index.php?rest_route=%2Fwp%2Fv2%2Fmedia&parent=14644"}],"wp:term":[{"taxonomy":"category","embeddable":true,"href":"https:\/\/www.egemtv.com\/index.php?rest_route=%2Fwp%2Fv2%2Fcategories&post=14644"},{"taxonomy":"post_tag","embeddable":true,"href":"https:\/\/www.egemtv.com\/index.php?rest_route=%2Fwp%2Fv2%2Ftags&post=14644"}],"curies":[{"name":"wp","href":"https:\/\/api.w.org\/{rel}","templated":true}]}}