{"id":14636,"date":"2025-02-02T17:43:27","date_gmt":"2025-02-02T14:43:27","guid":{"rendered":"https:\/\/www.egemtv.com\/?p=14636"},"modified":"2025-02-02T17:43:32","modified_gmt":"2025-02-02T14:43:32","slug":"kulaspor-evinde-galip","status":"publish","type":"post","link":"https:\/\/www.egemtv.com\/?p=14636","title":{"rendered":"Kulaspor evinde galip"},"content":{"rendered":"<p>2024-2025 Manisa S\u00fcper Amat\u00f6r Lig Salihli Grubu\u2019nda Kula\u2019y\u0131 temsil eden tak\u0131mlardan biri olan Kulaspor 11. hafta m\u00fcsabakalar\u0131 kapsam\u0131nda ligde 2. s\u0131rada m\u00fccadele eden Salihli Belediyespor\u2019u a\u011f\u0131rlad\u0131.  Zorlu m\u00fccadelede Kulaspor rakibini 2-1 ma\u011flup etti.<br \/>\n<br \/>2024 &#8211; 2025 Manisa S\u00fcper Amat\u00f6r Lig Salihli Grubu\u2019nda Kulaspor, Salihli Belediyespor\u2019u konuk etti. 4 Eyl\u00fcl \u015eehitleri Stadyumu\u2019nda oynanan m\u00fccadelede Kulaspor ekibi, Kaptan Bekir G\u00f6ko\u011flan\u2019\u0131n 32. dakikada att\u0131\u011f\u0131 golle ilk yar\u0131y\u0131 1-0 \u00f6nde tamamlarken ilk yar\u0131n\u0131n son dakikalar\u0131nda 1 k\u0131rm\u0131z\u0131 kart g\u00f6rerek sahada 10 ki\u015fi kald\u0131. \u0130kinci yar\u0131ya h\u0131zl\u0131 ba\u015flayan Kulaspor ekibi ikinci yar\u0131n\u0131n ilk dakikalar\u0131nda Enes \u00c7ak\u0131r\u2019\u0131n buldu\u011fu golle fark\u0131 2\u2019ye \u00e7\u0131kard\u0131. \u0130kinci yar\u0131n\u0131n sonlar\u0131na do\u011fru Salihli ekibi Kula kalesinde buldu\u011fu f\u0131rsat\u0131 gole \u00e7evirerek m\u00fccadelede durumu 2 &#8211; 1\u2019e getirdi. Seyir zevkinin doruklara ula\u015ft\u0131\u011f\u0131 m\u00fccadele Kulaspor ekibinin 2-1\u2019lik \u00fcst\u00fcnl\u00fc\u011f\u00fcyle tamamland\u0131.<br \/>\n<br \/>\u00d6te yandan ligde 4. s\u0131rada olan Kula ekibi puan\u0131n\u0131 16\u2019ya ta\u015f\u0131yarak 3. s\u0131raya yerle\u015fti.<br \/><\/p>\n","protected":false},"excerpt":{"rendered":"<p>2024-2025 Manisa S\u00fcper Amat\u00f6r Lig Salihli Grubu\u2019nda Kula\u2019y\u0131 temsil eden tak\u0131mlardan biri olan Kulaspor 11. hafta m\u00fcsabakalar\u0131 kapsam\u0131nda ligde 2. s\u0131rada m\u00fccadele eden Salihli Belediyespor\u2019u a\u011f\u0131rlad\u0131. Zorlu m\u00fccadelede Kulaspor rakibini 2-1 ma\u011flup etti. 2024 &#8211; 2025 Manisa S\u00fcper Amat\u00f6r Lig Salihli Grubu\u2019nda Kulaspor, Salihli Belediyespor\u2019u konuk etti. 4 Eyl\u00fcl \u015eehitleri Stadyumu\u2019nda oynanan m\u00fccadelede Kulaspor ekibi,&#8230;<\/p>\n","protected":false},"author":1,"featured_media":14637,"comment_status":"open","ping_status":"open","sticky":false,"template":"","format":"standard","meta":{"_crdt_document":"","footnotes":""},"categories":[4],"tags":[],"class_list":["post-14636","post","type-post","status-publish","format-standard","has-post-thumbnail","hentry","category-spor"],"_links":{"self":[{"href":"https:\/\/www.egemtv.com\/index.php?rest_route=\/wp\/v2\/posts\/14636","targetHints":{"allow":["GET"]}}],"collection":[{"href":"https:\/\/www.egemtv.com\/index.php?rest_route=\/wp\/v2\/posts"}],"about":[{"href":"https:\/\/www.egemtv.com\/index.php?rest_route=\/wp\/v2\/types\/post"}],"author":[{"embeddable":true,"href":"https:\/\/www.egemtv.com\/index.php?rest_route=\/wp\/v2\/users\/1"}],"replies":[{"embeddable":true,"href":"https:\/\/www.egemtv.com\/index.php?rest_route=%2Fwp%2Fv2%2Fcomments&post=14636"}],"version-history":[{"count":1,"href":"https:\/\/www.egemtv.com\/index.php?rest_route=\/wp\/v2\/posts\/14636\/revisions"}],"predecessor-version":[{"id":14638,"href":"https:\/\/www.egemtv.com\/index.php?rest_route=\/wp\/v2\/posts\/14636\/revisions\/14638"}],"wp:featuredmedia":[{"embeddable":true,"href":"https:\/\/www.egemtv.com\/index.php?rest_route=\/wp\/v2\/media\/14637"}],"wp:attachment":[{"href":"https:\/\/www.egemtv.com\/index.php?rest_route=%2Fwp%2Fv2%2Fmedia&parent=14636"}],"wp:term":[{"taxonomy":"category","embeddable":true,"href":"https:\/\/www.egemtv.com\/index.php?rest_route=%2Fwp%2Fv2%2Fcategories&post=14636"},{"taxonomy":"post_tag","embeddable":true,"href":"https:\/\/www.egemtv.com\/index.php?rest_route=%2Fwp%2Fv2%2Ftags&post=14636"}],"curies":[{"name":"wp","href":"https:\/\/api.w.org\/{rel}","templated":true}]}}