{"id":14633,"date":"2025-02-02T17:13:18","date_gmt":"2025-02-02T14:13:18","guid":{"rendered":"https:\/\/www.egemtv.com\/?p=14633"},"modified":"2025-02-02T17:13:22","modified_gmt":"2025-02-02T14:13:22","slug":"trendyol-super-lig-goztepe-0-alanyaspor-1-ilk-yari","status":"publish","type":"post","link":"https:\/\/www.egemtv.com\/?p=14633","title":{"rendered":"Trendyol S\u00fcper Lig: G\u00f6ztepe: 0 &#8211; Alanyaspor: 1 (\u0130lk yar\u0131)"},"content":{"rendered":"<p>Trendyol S\u00fcper Lig\u2019in 22. haftas\u0131nda G\u00f6ztepe, sahas\u0131nda Alanyaspor ile kar\u015f\u0131la\u015f\u0131yor. M\u00fcsabakan\u0131n ilk yar\u0131s\u0131 konuk ekibin 1-0 \u00fcst\u00fcnl\u00fc\u011f\u00fcyle tamamland\u0131.<\/p>\n<p>Ma\u00e7tan dakikalar (ilk yar\u0131)<br \/>\n<br \/>5. dakikada h\u0131zl\u0131 h\u00fccuma \u00e7\u0131kan G\u00f6ztepe\u2019de Romulo, sa\u011f \u00e7aprazda topla bulu\u015ftu ve i\u00e7eriye girer girmez \u015futunu \u00e7ekti. Soluna uzanan kaleci Ertu\u011frul topu kornere \u00e7eldi.<br \/>\n<br \/>14. dakikada savunma arkas\u0131na do\u011fru at\u0131lan topu alan Yusuf, Heliton\u2019u ge\u00e7ip vuru\u015funda me\u015fin yuvarlak kalenin \u00fczerinden d\u0131\u015far\u0131 \u00e7\u0131kt\u0131.<br \/>\n<br \/>30. dakikada Romulo\u2019nun kulland\u0131\u011f\u0131 serbest vuru\u015fta direkt kaleye giden top az farkla yandan d\u0131\u015far\u0131 \u00e7\u0131kt\u0131.<br \/>\n<br \/>45+1. dakikada Balkovec\u2019in sol taraftan kulland\u0131\u011f\u0131 k\u00f6\u015fe vuru\u015funda ceza sahas\u0131 i\u00e7inde Lima kafa vuru\u015fuyla me\u015fin yuvarla\u011f\u0131 a\u011flara g\u00f6nderdi. 1-0<\/p>\n<p>Hakemler: Arda Karde\u015fler, Cem \u00d6zbay, G\u00f6kmen Baltac\u0131<br \/>\n<br \/>G\u00f6ztepe: Mateusz Lis, Heliton, Koray G\u00fcnter (Og\u00fcn Bayrak dk. 23), Lasse Nielsen, Malcom Bokele, Djalma Silva, Victor Hugo, Novatus Miroshi, David Tijanic, Juan, Romulo<br \/>\n<br \/>Yedekler: Arda \u00d6z\u00e7imen, \u0130smail K\u00f6yba\u015f\u0131, Furkan Bay\u0131r, Naz\u0131m Sangare, Kuryu Matsuki, Ahmed Ild\u0131z, Do\u011fan Erdo\u011fan, Kubilay Kanats\u0131zku\u015f, Emersonn<br \/>\n<br \/>Teknik Direkt\u00f6r: Stanimir Stoilov<br \/>\n<br \/>Alanyaspor: Ertu\u011frul Ta\u015fk\u0131ran, Nuno Miguel Reis Lima, Fatih Aksoy, Jure Balkovec, Florent Hadergjonaj, Efecan Karaca, Enes Keskin, Yusuf \u00d6zdemir, Sergio Cordova, Ui-jo Hwang, Richard<br \/>\n<br \/>Yedekler: Mert Furkan Bayram, Yusuf Karag\u00f6z, H\u00fcseyin \u015een, Arda Usluo\u011flu, Bera \u00c7eken, Juan Christian, Nejdet Nezir Bilin, Taha \u00c7elik<br \/>\n<br \/>Teknik Direkt\u00f6r: Sami U\u011furlu<br \/>\n<br \/>Gol: Nuno Lima (dk. 45+1) (Alanyaspor)<br \/>\n<br \/>Sar\u0131 kart: Enes Keskin (Alanyaspor)<br \/><\/p>\n","protected":false},"excerpt":{"rendered":"<p>Trendyol S\u00fcper Lig\u2019in 22. haftas\u0131nda G\u00f6ztepe, sahas\u0131nda Alanyaspor ile kar\u015f\u0131la\u015f\u0131yor. M\u00fcsabakan\u0131n ilk yar\u0131s\u0131 konuk ekibin 1-0 \u00fcst\u00fcnl\u00fc\u011f\u00fcyle tamamland\u0131. Ma\u00e7tan dakikalar (ilk yar\u0131) 5. dakikada h\u0131zl\u0131 h\u00fccuma \u00e7\u0131kan G\u00f6ztepe\u2019de Romulo, sa\u011f \u00e7aprazda topla bulu\u015ftu ve i\u00e7eriye girer girmez \u015futunu \u00e7ekti. Soluna uzanan kaleci Ertu\u011frul topu kornere \u00e7eldi. 14. dakikada savunma arkas\u0131na do\u011fru at\u0131lan topu alan Yusuf,&#8230;<\/p>\n","protected":false},"author":1,"featured_media":14634,"comment_status":"open","ping_status":"open","sticky":false,"template":"","format":"standard","meta":{"_crdt_document":"","footnotes":""},"categories":[4],"tags":[],"class_list":["post-14633","post","type-post","status-publish","format-standard","has-post-thumbnail","hentry","category-spor"],"_links":{"self":[{"href":"https:\/\/www.egemtv.com\/index.php?rest_route=\/wp\/v2\/posts\/14633","targetHints":{"allow":["GET"]}}],"collection":[{"href":"https:\/\/www.egemtv.com\/index.php?rest_route=\/wp\/v2\/posts"}],"about":[{"href":"https:\/\/www.egemtv.com\/index.php?rest_route=\/wp\/v2\/types\/post"}],"author":[{"embeddable":true,"href":"https:\/\/www.egemtv.com\/index.php?rest_route=\/wp\/v2\/users\/1"}],"replies":[{"embeddable":true,"href":"https:\/\/www.egemtv.com\/index.php?rest_route=%2Fwp%2Fv2%2Fcomments&post=14633"}],"version-history":[{"count":1,"href":"https:\/\/www.egemtv.com\/index.php?rest_route=\/wp\/v2\/posts\/14633\/revisions"}],"predecessor-version":[{"id":14635,"href":"https:\/\/www.egemtv.com\/index.php?rest_route=\/wp\/v2\/posts\/14633\/revisions\/14635"}],"wp:featuredmedia":[{"embeddable":true,"href":"https:\/\/www.egemtv.com\/index.php?rest_route=\/wp\/v2\/media\/14634"}],"wp:attachment":[{"href":"https:\/\/www.egemtv.com\/index.php?rest_route=%2Fwp%2Fv2%2Fmedia&parent=14633"}],"wp:term":[{"taxonomy":"category","embeddable":true,"href":"https:\/\/www.egemtv.com\/index.php?rest_route=%2Fwp%2Fv2%2Fcategories&post=14633"},{"taxonomy":"post_tag","embeddable":true,"href":"https:\/\/www.egemtv.com\/index.php?rest_route=%2Fwp%2Fv2%2Ftags&post=14633"}],"curies":[{"name":"wp","href":"https:\/\/api.w.org\/{rel}","templated":true}]}}