{"id":14630,"date":"2025-02-02T17:13:11","date_gmt":"2025-02-02T14:13:11","guid":{"rendered":"https:\/\/www.egemtv.com\/?p=14630"},"modified":"2025-02-02T17:13:17","modified_gmt":"2025-02-02T14:13:17","slug":"tff-3-lig-aliagaspor-fk-3-efeler-09-sfk-0","status":"publish","type":"post","link":"https:\/\/www.egemtv.com\/?p=14630","title":{"rendered":"TFF 3. Lig: Alia\u011faspor FK: 3 &#8211; Efeler 09 SFK: 0"},"content":{"rendered":"<p>TFF 3. Lig\u2019in 18. haftas\u0131nda Alia\u011faspor FK, sahas\u0131nda kar\u015f\u0131la\u015ft\u0131\u011f\u0131 Efeler 09 SFK\u2019y\u0131 3-0 ma\u011flup etti.<\/p>\n<p>Hakemler: Nevzat Okat, Alp Osman Karaosmano\u011flu, Arif Ta\u015fk\u0131n<br \/>\n<br \/>Alia\u011faspor FK: Ahmet Pekg\u00f6z, Oktay Kanc\u0131, Kadir Kurt, Kerem Payko\u00e7, Hakan Demir (Hasan \u00c7elik dk. 80), Muhammed \u015eahing\u00f6z (Mert Alt\u0131n\u00f6z dk. 80), Mustafa Saymak (O\u011fuzhan Y\u0131ld\u0131r\u0131m dk. 68), Berke B\u0131y\u0131k, Berk Ali Nizam, Ahmet Uzun (Yusuf Erdem G\u00fcm\u00fc\u015f dk. 72), Mehmet Fuat G\u00f6lba\u015f\u0131 (Mehmet Uysal dk. 72)<br \/>\n<br \/>Efeler 09 SFK: Kemal Mert \u00d6zyi\u011fit, Mustafa Kocaba\u015f, Hasan Berat Kayal\u0131 (Serhat Ye\u015fil\u00f6rdek dk. 77 ), Sabutay Bay\u00fclken, Yi\u011fithan Turhan, Emre Y\u0131ld\u0131r\u0131m, Muhammet \u00d6zvardar (Selahattin Enes K\u0131l\u0131\u00e7 dk. 67), Hakan Can Durdu (Eren Akdemir dk. 67 ), G\u00f6kberk Efe, Burak G\u00f6ksel (Ufuk Er dk. 57), Abdullah So\u011fucak<br \/>\n<br \/>Goller: Mustafa Saymak (dk. 16) (Alia\u011faspor FK), Mehmet Fuat G\u00f6lba\u015f\u0131 (dk. 25) (Alia\u011faspor FK), Muhammed \u015eahing\u00f6z (dk. 76) (Alia\u011faspor FK)<br \/>\n<br \/>Sar\u0131 kartlar: Emre Y\u0131ld\u0131r\u0131m, Burak G\u00f6ksel, Sabutay Bay\u00fclken, Abdullah So\u011fucak, Mustafa Kocaba\u015f (Efeler 09 SFK), Oktay Kanc\u0131, Kerem Payko\u00e7 Muhammed \u015eahing\u00f6z, Kadir Kurt (Alia\u011faspor FK)<br \/><\/p>\n","protected":false},"excerpt":{"rendered":"<p>TFF 3. Lig\u2019in 18. haftas\u0131nda Alia\u011faspor FK, sahas\u0131nda kar\u015f\u0131la\u015ft\u0131\u011f\u0131 Efeler 09 SFK\u2019y\u0131 3-0 ma\u011flup etti. Hakemler: Nevzat Okat, Alp Osman Karaosmano\u011flu, Arif Ta\u015fk\u0131n Alia\u011faspor FK: Ahmet Pekg\u00f6z, Oktay Kanc\u0131, Kadir Kurt, Kerem Payko\u00e7, Hakan Demir (Hasan \u00c7elik dk. 80), Muhammed \u015eahing\u00f6z (Mert Alt\u0131n\u00f6z dk. 80), Mustafa Saymak (O\u011fuzhan Y\u0131ld\u0131r\u0131m dk. 68), Berke B\u0131y\u0131k, Berk Ali&#8230;<\/p>\n","protected":false},"author":1,"featured_media":14631,"comment_status":"open","ping_status":"open","sticky":false,"template":"","format":"standard","meta":{"_crdt_document":"","footnotes":""},"categories":[4],"tags":[],"class_list":["post-14630","post","type-post","status-publish","format-standard","has-post-thumbnail","hentry","category-spor"],"_links":{"self":[{"href":"https:\/\/www.egemtv.com\/index.php?rest_route=\/wp\/v2\/posts\/14630","targetHints":{"allow":["GET"]}}],"collection":[{"href":"https:\/\/www.egemtv.com\/index.php?rest_route=\/wp\/v2\/posts"}],"about":[{"href":"https:\/\/www.egemtv.com\/index.php?rest_route=\/wp\/v2\/types\/post"}],"author":[{"embeddable":true,"href":"https:\/\/www.egemtv.com\/index.php?rest_route=\/wp\/v2\/users\/1"}],"replies":[{"embeddable":true,"href":"https:\/\/www.egemtv.com\/index.php?rest_route=%2Fwp%2Fv2%2Fcomments&post=14630"}],"version-history":[{"count":1,"href":"https:\/\/www.egemtv.com\/index.php?rest_route=\/wp\/v2\/posts\/14630\/revisions"}],"predecessor-version":[{"id":14632,"href":"https:\/\/www.egemtv.com\/index.php?rest_route=\/wp\/v2\/posts\/14630\/revisions\/14632"}],"wp:featuredmedia":[{"embeddable":true,"href":"https:\/\/www.egemtv.com\/index.php?rest_route=\/wp\/v2\/media\/14631"}],"wp:attachment":[{"href":"https:\/\/www.egemtv.com\/index.php?rest_route=%2Fwp%2Fv2%2Fmedia&parent=14630"}],"wp:term":[{"taxonomy":"category","embeddable":true,"href":"https:\/\/www.egemtv.com\/index.php?rest_route=%2Fwp%2Fv2%2Fcategories&post=14630"},{"taxonomy":"post_tag","embeddable":true,"href":"https:\/\/www.egemtv.com\/index.php?rest_route=%2Fwp%2Fv2%2Ftags&post=14630"}],"curies":[{"name":"wp","href":"https:\/\/api.w.org\/{rel}","templated":true}]}}