{"id":14624,"date":"2025-02-02T17:01:14","date_gmt":"2025-02-02T14:01:14","guid":{"rendered":"https:\/\/www.egemtv.com\/?p=14624"},"modified":"2025-02-02T17:01:18","modified_gmt":"2025-02-02T14:01:18","slug":"nazilli-arama-kurtarma-dernegi-gazetecilerle-bulustu","status":"publish","type":"post","link":"https:\/\/www.egemtv.com\/?p=14624","title":{"rendered":"Nazilli Arama Kurtarma Derne\u011fi gazetecilerle bulu\u015ftu"},"content":{"rendered":"<p>Ayd\u0131n\u2019\u0131n Nazilli il\u00e7esinde ge\u00e7ti\u011fimiz y\u0131l i\u00e7erisinde kurulan Nazilli Arama Kurtarma Derne\u011fi il\u00e7ede g\u00f6rev yapan bas\u0131n mensuplar\u0131 ile bir araya geldi. Kurulu\u015f ama\u00e7lar\u0131n\u0131 ve faaliyetlerini de\u011ferlendiren dernek y\u00f6netimi, muhtemel afetlerde etkin g\u00f6rev yapabilmek i\u00e7in g\u00f6n\u00fcll\u00fclere ve destek vereceklere \u00e7a\u011fr\u0131da bulundu.<\/p>\n<p>Nazilli\u2019de ge\u00e7ti\u011fimiz y\u0131l kurulu\u015fu ger\u00e7ekle\u015ftirilen Nazilli Arama Kurtarma Derne\u011fi, Nazilli Gazeteciler Cemiyeti \u00fcyesi bas\u0131n mensuplar\u0131 ile kahvalt\u0131da bulu\u015ftu. Dernek faaliyetleri ve projelerinin de\u011ferlendirildi\u011fi etkinlikte 2 y\u0131l \u00f6nce \u00fclkeyi derinden etkileyen b\u00fcy\u00fck depremin 2. y\u0131l d\u00f6n\u00fcm\u00fcnde fark\u0131ndal\u0131k olu\u015fturarak, afetlere kar\u015f\u0131 bilin\u00e7li \u015fekilde haz\u0131rl\u0131kl\u0131 olunmas\u0131 i\u00e7in yap\u0131lacaklar \u00e7al\u0131\u015fmalar de\u011ferlendirildi.<\/p>\n<p>&#8220;Her t\u00fcrl\u00fc afete kar\u015f\u0131 haz\u0131rl\u0131kl\u0131 olmal\u0131y\u0131z&#8221;<br \/>\n<br \/>Derne\u011fin kurulu\u015f amac\u0131ndan s\u00f6z eden Nazilli Arama Kurtarma Derne\u011fi Ba\u015fkan\u0131 \u00d6zg\u00fcr \u00d6zkan; &#8220;Nazilli Arama Kurtarma Derne\u011fi daha \u00f6ncede akredite olmu\u015f bir birlikten ayr\u0131 32 ki\u015filik e\u011fitimli bireylerin bir araya gelmesiyle olu\u015fturulmu\u015f bir yap\u0131d\u0131r. Bu yap\u0131n\u0131n kurulu\u015f amac\u0131, 2 y\u0131l \u00f6nce \u00fclkemizde ya\u015fanan 6 \u015eubat Depremi\u2019nden sonra ya\u015fanabilecek bu gibi durumlarda haz\u0131r olmak, toplumu bilin\u00e7lendirmek ve ihtiya\u00e7 an\u0131nda sahaya \u00e7\u0131kabilecek e\u011fitimli bir ekip olarak haz\u0131r bulunmay\u0131 hedeflemektedir. \u00d6ncelikle il\u00e7emizde, ilimizde ve \u00fclkemizde ya\u015fanabilecek olumsuz her t\u00fcrl\u00fc duruma kar\u015f\u0131 milletimizin ve devletimizin yan\u0131nda hareket ederek vatanda\u015flar\u0131m\u0131za yard\u0131mc\u0131 olmakt\u0131r&#8221; dedi.<\/p>\n<p>&#8220;Afet b\u00f6lgesinde ya\u015f\u0131yoruz&#8221;<br \/>\n<br \/>Ayd\u0131n\u2019\u0131n deprem ku\u015fa\u011f\u0131nda oldu\u011funu hat\u0131rlatan \u00d6zkan &#8220;\u00dclkemiz bir afet b\u00f6lgesi \u00fczerinde. Ya\u015fad\u0131\u011f\u0131m\u0131z b\u00f6lge, ya\u015fad\u0131\u011f\u0131m\u0131z il\u00e7e deprem ku\u015fa\u011f\u0131 \u00fczerinde. O nedenle de her t\u00fcrl\u00fc afete ve depreme haz\u0131r olmak zorunday\u0131z. Bunun i\u00e7in biz \u00e7al\u0131\u015fmalar\u0131m\u0131za ve e\u011fitimlerimize ara vermeden devam ediyoruz. Ekibimizi s\u00fcrekli b\u00fcy\u00fctmek, s\u00fcrekli geli\u015ftirmek i\u00e7in yeni g\u00f6n\u00fcll\u00fclere e\u011fitimler veriyoruz. Bilgilendirme toplant\u0131lar\u0131 ve tatbikatlar\u0131 yap\u0131yoruz. Bu s\u00fcre\u00e7te \u015fuana kadar 32 personel b\u00fct\u00fcn e\u011fitimlerini tamamlam\u0131\u015f ve sahaya \u00e7\u0131kacak pozisyonda. Hem yeti\u015fmi\u015f personel say\u0131m\u0131z\u0131 artt\u0131rmak hem de \u00fcniversite b\u00fcnyesinde bu i\u015fleri yaparak gen\u00e7lerin de bu t\u00fcr faaliyetlere kat\u0131lmas\u0131n\u0131 sa\u011flamak i\u00e7in \u00e7al\u0131\u015fmalar\u0131m\u0131z devam ediyor. Bizim vatanda\u015flar\u0131m\u0131zdan, ya\u015fad\u0131klar\u0131 \u00e7evreleri bilmeleri ve bu konuyla ilgili duyarl\u0131l\u0131k g\u00f6stermelerini istiyoruz. Yani afetlere kar\u015f\u0131 herkesin daha bilin\u00e7li olmas\u0131 ve bu i\u015fe daha duyarl\u0131l\u0131k g\u00f6stermesi gerekti\u011fini d\u00fc\u015f\u00fcn\u00fcyoruz. G\u00f6n\u00fcll\u00fclerimizin say\u0131s\u0131n\u0131n artmas\u0131n\u0131 istiyoruz. Bu alanda \u00e7al\u0131\u015fmak isteyen 18 ya\u015f\u0131n\u0131n \u00fczerinde olmak \u015fart\u0131yla ya\u015f\u0131, cinsiyeti, mesle\u011fi ne olursa olsun sa\u011fl\u0131k durumu bizim yapt\u0131\u011f\u0131m\u0131z i\u015fe uygun olan herkesi biz Nazilli Arama Kurtarma Derne\u011fi b\u00fcnyesinde g\u00f6n\u00fcll\u00fc olarak g\u00f6rmek istiyoruz&#8221; \u015feklinde konu\u015ftu.<\/p>\n<p>&#8220;Destek istiyoruz&#8221;<br \/>\n<br \/>Sahada \u00e7al\u0131\u015fman\u0131n en \u00f6nemli unsurunun donan\u0131m ve ekipman oldu\u011funun da alt\u0131n\u0131 \u00e7izen Ba\u015fkan \u00d6zkan; &#8220;Elinizde yeterli ekipman ve donan\u0131m\u0131n\u0131z yoksa ne kadar bilginiz olursa olsun sahada ne kadar iyi \u00e7al\u0131\u015fmalar yaparsan\u0131z yap\u0131n sonuca ula\u015fmam\u0131z \u00e7ok zor. Bu nedenle de bu t\u00fcr birlikler ve arama kurtarma ekiplerinin malzeme ve ekipman deste\u011fi y\u00f6n\u00fcnden deste\u011fe ihtiyac\u0131 var. Biz g\u00f6n\u00fcll\u00fclerden olu\u015fan bir birli\u011fiz ve bizim arkam\u0131zda herhangi bir kamu grubu herhangi bir destek\u00e7imiz yok. Tamamen bu i\u015fi yapmaya \u00e7al\u0131\u015fan g\u00f6n\u00fcll\u00fcleriz. Bu nedenle de duyarl\u0131 vatanda\u015flar\u0131m\u0131zdan, halk\u0131m\u0131zdan bu t\u00fcr kurulu\u015flara destek olmalar\u0131n\u0131 istiyoruz. Kullan\u0131lacak bu malzemeler bug\u00fcn laz\u0131m olmazsa yar\u0131n mutlaka birilerine laz\u0131m olacakt\u0131r. O nedenle de ekibimize destek veren, vermeyi d\u00fc\u015f\u00fcnen herkese \u015fimdiden \u00e7ok te\u015fekk\u00fcr ediyorum. \u00d6nemli olan afet olduktan sonra ne yapaca\u011f\u0131m\u0131z de\u011fil \u00f6ncesinde ne kadar haz\u0131rl\u0131kl\u0131 olmam\u0131zd\u0131r&#8221; dedi.<\/p>\n<p>Nazilli Gazeteciler Cemiyeti Ba\u015fkan\u0131 \u00dcmit \u00d6zmen de afetlere haz\u0131r olman\u0131n \u00f6nemine dikkat \u00e7ekerek, hay\u0131rseverlerin bu t\u00fcr kurulu\u015flara verece\u011fi deste\u011fi ve bu \u00e7al\u0131\u015fmalar\u0131n yerele yay\u0131larak her kesimin bilin\u00e7li hale gelmesinde yap\u0131lmas\u0131 gerekenleri de\u011ferlendirdi.<br \/><\/p>\n","protected":false},"excerpt":{"rendered":"<p>Ayd\u0131n\u2019\u0131n Nazilli il\u00e7esinde ge\u00e7ti\u011fimiz y\u0131l i\u00e7erisinde kurulan Nazilli Arama Kurtarma Derne\u011fi il\u00e7ede g\u00f6rev yapan bas\u0131n mensuplar\u0131 ile bir araya geldi. Kurulu\u015f ama\u00e7lar\u0131n\u0131 ve faaliyetlerini de\u011ferlendiren dernek y\u00f6netimi, muhtemel afetlerde etkin g\u00f6rev yapabilmek i\u00e7in g\u00f6n\u00fcll\u00fclere ve destek vereceklere \u00e7a\u011fr\u0131da bulundu. Nazilli\u2019de ge\u00e7ti\u011fimiz y\u0131l kurulu\u015fu ger\u00e7ekle\u015ftirilen Nazilli Arama Kurtarma Derne\u011fi, Nazilli Gazeteciler Cemiyeti \u00fcyesi bas\u0131n mensuplar\u0131 ile&#8230;<\/p>\n","protected":false},"author":1,"featured_media":14625,"comment_status":"open","ping_status":"open","sticky":false,"template":"","format":"standard","meta":{"_crdt_document":"","footnotes":""},"categories":[1],"tags":[],"class_list":["post-14624","post","type-post","status-publish","format-standard","has-post-thumbnail","hentry","category-guncel"],"_links":{"self":[{"href":"https:\/\/www.egemtv.com\/index.php?rest_route=\/wp\/v2\/posts\/14624","targetHints":{"allow":["GET"]}}],"collection":[{"href":"https:\/\/www.egemtv.com\/index.php?rest_route=\/wp\/v2\/posts"}],"about":[{"href":"https:\/\/www.egemtv.com\/index.php?rest_route=\/wp\/v2\/types\/post"}],"author":[{"embeddable":true,"href":"https:\/\/www.egemtv.com\/index.php?rest_route=\/wp\/v2\/users\/1"}],"replies":[{"embeddable":true,"href":"https:\/\/www.egemtv.com\/index.php?rest_route=%2Fwp%2Fv2%2Fcomments&post=14624"}],"version-history":[{"count":1,"href":"https:\/\/www.egemtv.com\/index.php?rest_route=\/wp\/v2\/posts\/14624\/revisions"}],"predecessor-version":[{"id":14626,"href":"https:\/\/www.egemtv.com\/index.php?rest_route=\/wp\/v2\/posts\/14624\/revisions\/14626"}],"wp:featuredmedia":[{"embeddable":true,"href":"https:\/\/www.egemtv.com\/index.php?rest_route=\/wp\/v2\/media\/14625"}],"wp:attachment":[{"href":"https:\/\/www.egemtv.com\/index.php?rest_route=%2Fwp%2Fv2%2Fmedia&parent=14624"}],"wp:term":[{"taxonomy":"category","embeddable":true,"href":"https:\/\/www.egemtv.com\/index.php?rest_route=%2Fwp%2Fv2%2Fcategories&post=14624"},{"taxonomy":"post_tag","embeddable":true,"href":"https:\/\/www.egemtv.com\/index.php?rest_route=%2Fwp%2Fv2%2Ftags&post=14624"}],"curies":[{"name":"wp","href":"https:\/\/api.w.org\/{rel}","templated":true}]}}