{"id":14621,"date":"2025-02-02T16:39:25","date_gmt":"2025-02-02T13:39:25","guid":{"rendered":"https:\/\/www.egemtv.com\/?p=14621"},"modified":"2025-02-02T16:39:30","modified_gmt":"2025-02-02T13:39:30","slug":"aydinda-gunesi-goren-sahillere-kostu","status":"publish","type":"post","link":"https:\/\/www.egemtv.com\/?p=14621","title":{"rendered":"Ayd\u0131n\u2019da g\u00fcne\u015fi g\u00f6ren sahillere ko\u015ftu"},"content":{"rendered":"<p>Ayd\u0131n\u2019\u0131n \u00f6nemli turizm b\u00f6lgelerinden olan Ku\u015fadas\u0131 il\u00e7esinde etkili olan g\u00fcne\u015fli hava ile birlikte \u00e7ok say\u0131da vatanda\u015flar sahillere ak\u0131n etti. Sahillerde baz\u0131 vatanda\u015flar denize girip g\u00fcne\u015flenirken, baz\u0131lar\u0131 da bal\u0131k tutarak g\u00fcne\u015fin tad\u0131n\u0131 \u00e7\u0131kard\u0131.<\/p>\n<p>Ku\u015fadas\u0131 il\u00e7esi Kad\u0131nlar Plaj\u0131, hafta sonu g\u00fcne\u015fli ve \u0131l\u0131k havan\u0131n etkisiyle ziyaret\u00e7ilerin ak\u0131n\u0131na u\u011frad\u0131. S\u0131cakl\u0131klar\u0131n 16 dereceye kadar y\u00fckseldi\u011fi il\u00e7ede, bir\u00e7ok ki\u015fi denizin ve kumsal\u0131n tad\u0131n\u0131 \u00e7\u0131kard\u0131. S\u0131cak havay\u0131 f\u0131rsat bilen yerli halk ve turistler sahilde y\u00fcr\u00fcy\u00fc\u015f yap\u0131p kafelerde vakit ge\u00e7irirken, baz\u0131lar\u0131 ise deniz kenar\u0131nda g\u00fcne\u015fin tad\u0131n\u0131 \u00e7\u0131kard\u0131. Esnaf, g\u00fczel havan\u0131n i\u015flerini canland\u0131rd\u0131\u011f\u0131n\u0131 belirtirken, vatanda\u015flar da k\u0131\u015f ortas\u0131nda yazdan kalma bir g\u00fcn ya\u015faman\u0131n keyfini s\u00fcrd\u00fc. Kad\u0131nlar Plaj\u0131 ba\u015fta olmak \u00fczere il\u00e7edeki bir\u00e7ok sahilde yo\u011funluk ya\u015fan\u0131rken, baz\u0131 vatanda\u015flar da k\u0131\u015f ortas\u0131nda denize girmenin tad\u0131n\u0131 \u00e7\u0131kard\u0131. Meteoroloji tahminlerine g\u00f6re \u00f6n\u00fcm\u00fczdeki g\u00fcnlerde hava s\u0131cakl\u0131klar\u0131n\u0131n mevsim normallerinin alt\u0131na d\u00fc\u015fmesi bekleniyor.<br \/><\/p>\n","protected":false},"excerpt":{"rendered":"<p>Ayd\u0131n\u2019\u0131n \u00f6nemli turizm b\u00f6lgelerinden olan Ku\u015fadas\u0131 il\u00e7esinde etkili olan g\u00fcne\u015fli hava ile birlikte \u00e7ok say\u0131da vatanda\u015flar sahillere ak\u0131n etti. Sahillerde baz\u0131 vatanda\u015flar denize girip g\u00fcne\u015flenirken, baz\u0131lar\u0131 da bal\u0131k tutarak g\u00fcne\u015fin tad\u0131n\u0131 \u00e7\u0131kard\u0131. Ku\u015fadas\u0131 il\u00e7esi Kad\u0131nlar Plaj\u0131, hafta sonu g\u00fcne\u015fli ve \u0131l\u0131k havan\u0131n etkisiyle ziyaret\u00e7ilerin ak\u0131n\u0131na u\u011frad\u0131. S\u0131cakl\u0131klar\u0131n 16 dereceye kadar y\u00fckseldi\u011fi il\u00e7ede, bir\u00e7ok ki\u015fi denizin&#8230;<\/p>\n","protected":false},"author":1,"featured_media":14622,"comment_status":"open","ping_status":"open","sticky":false,"template":"","format":"standard","meta":{"_crdt_document":"","footnotes":""},"categories":[1],"tags":[],"class_list":["post-14621","post","type-post","status-publish","format-standard","has-post-thumbnail","hentry","category-guncel"],"_links":{"self":[{"href":"https:\/\/www.egemtv.com\/index.php?rest_route=\/wp\/v2\/posts\/14621","targetHints":{"allow":["GET"]}}],"collection":[{"href":"https:\/\/www.egemtv.com\/index.php?rest_route=\/wp\/v2\/posts"}],"about":[{"href":"https:\/\/www.egemtv.com\/index.php?rest_route=\/wp\/v2\/types\/post"}],"author":[{"embeddable":true,"href":"https:\/\/www.egemtv.com\/index.php?rest_route=\/wp\/v2\/users\/1"}],"replies":[{"embeddable":true,"href":"https:\/\/www.egemtv.com\/index.php?rest_route=%2Fwp%2Fv2%2Fcomments&post=14621"}],"version-history":[{"count":1,"href":"https:\/\/www.egemtv.com\/index.php?rest_route=\/wp\/v2\/posts\/14621\/revisions"}],"predecessor-version":[{"id":14623,"href":"https:\/\/www.egemtv.com\/index.php?rest_route=\/wp\/v2\/posts\/14621\/revisions\/14623"}],"wp:featuredmedia":[{"embeddable":true,"href":"https:\/\/www.egemtv.com\/index.php?rest_route=\/wp\/v2\/media\/14622"}],"wp:attachment":[{"href":"https:\/\/www.egemtv.com\/index.php?rest_route=%2Fwp%2Fv2%2Fmedia&parent=14621"}],"wp:term":[{"taxonomy":"category","embeddable":true,"href":"https:\/\/www.egemtv.com\/index.php?rest_route=%2Fwp%2Fv2%2Fcategories&post=14621"},{"taxonomy":"post_tag","embeddable":true,"href":"https:\/\/www.egemtv.com\/index.php?rest_route=%2Fwp%2Fv2%2Ftags&post=14621"}],"curies":[{"name":"wp","href":"https:\/\/api.w.org\/{rel}","templated":true}]}}