{"id":14618,"date":"2025-02-02T16:12:50","date_gmt":"2025-02-02T13:12:50","guid":{"rendered":"https:\/\/www.egemtv.com\/?p=14618"},"modified":"2025-02-02T16:12:55","modified_gmt":"2025-02-02T13:12:55","slug":"akyakada-yazdan-kalma-gun-yasandi-sahiller-doldu-tasti","status":"publish","type":"post","link":"https:\/\/www.egemtv.com\/?p=14618","title":{"rendered":"Akyaka\u2019da yazdan kalma g\u00fcn ya\u015fand\u0131, sahiller doldu ta\u015ft\u0131"},"content":{"rendered":"<p>Mu\u011fla\u2019n\u0131n Ula il\u00e7esine ba\u011fl\u0131 Akyaka, hafta sonu yazdan kalma bir g\u00fcn ya\u015fad\u0131. Hava s\u0131cakl\u0131klar\u0131n\u0131n mevsim normallerinin \u00fczerinde seyretmesini f\u0131rsat bilen vatanda\u015flar sahile ak\u0131n etti.<\/p>\n<p>Sahilde adeta insan seli olu\u015furken, oturacak yer bulmak neredeyse imkans\u0131z hale geldi. \u00c7ocuklar kumlarla oynayarak keyifli vakit ge\u00e7irirken, yeti\u015fkinler ise g\u00fcne\u015fin ve temiz havan\u0131n tad\u0131n\u0131 \u00e7\u0131kard\u0131. \u00d6te yandan s\u0131cak havay\u0131 de\u011ferlendiren bir\u00e7ok ki\u015fi sahil boyunca y\u00fcr\u00fcy\u00fc\u015f yaparak g\u00fczel havan\u0131n keyfini s\u00fcrd\u00fc. Kad\u0131n Azma\u011f\u0131\u2019nda tekne turlar\u0131 d\u00fczenleyen i\u015fletmeler de yo\u011funluk ya\u015fad\u0131. Tekneler yava\u015f yava\u015f hareketlenirken, sezonun erken ba\u015flamas\u0131n\u0131n i\u015fletmecileri sevindirdi\u011fi g\u00f6zlendi.<br \/><\/p>\n","protected":false},"excerpt":{"rendered":"<p>Mu\u011fla\u2019n\u0131n Ula il\u00e7esine ba\u011fl\u0131 Akyaka, hafta sonu yazdan kalma bir g\u00fcn ya\u015fad\u0131. Hava s\u0131cakl\u0131klar\u0131n\u0131n mevsim normallerinin \u00fczerinde seyretmesini f\u0131rsat bilen vatanda\u015flar sahile ak\u0131n etti. Sahilde adeta insan seli olu\u015furken, oturacak yer bulmak neredeyse imkans\u0131z hale geldi. \u00c7ocuklar kumlarla oynayarak keyifli vakit ge\u00e7irirken, yeti\u015fkinler ise g\u00fcne\u015fin ve temiz havan\u0131n tad\u0131n\u0131 \u00e7\u0131kard\u0131. \u00d6te yandan s\u0131cak havay\u0131 de\u011ferlendiren&#8230;<\/p>\n","protected":false},"author":1,"featured_media":14619,"comment_status":"open","ping_status":"open","sticky":false,"template":"","format":"standard","meta":{"_crdt_document":"","footnotes":""},"categories":[1],"tags":[],"class_list":["post-14618","post","type-post","status-publish","format-standard","has-post-thumbnail","hentry","category-guncel"],"_links":{"self":[{"href":"https:\/\/www.egemtv.com\/index.php?rest_route=\/wp\/v2\/posts\/14618","targetHints":{"allow":["GET"]}}],"collection":[{"href":"https:\/\/www.egemtv.com\/index.php?rest_route=\/wp\/v2\/posts"}],"about":[{"href":"https:\/\/www.egemtv.com\/index.php?rest_route=\/wp\/v2\/types\/post"}],"author":[{"embeddable":true,"href":"https:\/\/www.egemtv.com\/index.php?rest_route=\/wp\/v2\/users\/1"}],"replies":[{"embeddable":true,"href":"https:\/\/www.egemtv.com\/index.php?rest_route=%2Fwp%2Fv2%2Fcomments&post=14618"}],"version-history":[{"count":1,"href":"https:\/\/www.egemtv.com\/index.php?rest_route=\/wp\/v2\/posts\/14618\/revisions"}],"predecessor-version":[{"id":14620,"href":"https:\/\/www.egemtv.com\/index.php?rest_route=\/wp\/v2\/posts\/14618\/revisions\/14620"}],"wp:featuredmedia":[{"embeddable":true,"href":"https:\/\/www.egemtv.com\/index.php?rest_route=\/wp\/v2\/media\/14619"}],"wp:attachment":[{"href":"https:\/\/www.egemtv.com\/index.php?rest_route=%2Fwp%2Fv2%2Fmedia&parent=14618"}],"wp:term":[{"taxonomy":"category","embeddable":true,"href":"https:\/\/www.egemtv.com\/index.php?rest_route=%2Fwp%2Fv2%2Fcategories&post=14618"},{"taxonomy":"post_tag","embeddable":true,"href":"https:\/\/www.egemtv.com\/index.php?rest_route=%2Fwp%2Fv2%2Ftags&post=14618"}],"curies":[{"name":"wp","href":"https:\/\/api.w.org\/{rel}","templated":true}]}}