{"id":14615,"date":"2025-02-02T15:45:54","date_gmt":"2025-02-02T12:45:54","guid":{"rendered":"https:\/\/www.egemtv.com\/?p=14615"},"modified":"2025-02-02T15:45:59","modified_gmt":"2025-02-02T12:45:59","slug":"kaza-sonrasi-kontrolden-cikan-araclarin-altinda-kalmaktan-son-anda-kurtuldu","status":"publish","type":"post","link":"https:\/\/www.egemtv.com\/?p=14615","title":{"rendered":"Kaza sonras\u0131 kontrolden \u00e7\u0131kan ara\u00e7lar\u0131n alt\u0131nda kalmaktan son anda kurtuldu"},"content":{"rendered":"<p>Isparta\u2019da hafif ticari ara\u00e7 ile otomobil \u00e7arp\u0131\u015ft\u0131. Kald\u0131r\u0131mda y\u00fcr\u00fcyen yayan\u0131n \u00e7arp\u0131\u015fan ara\u00e7lar\u0131n alt\u0131nda kalmaktan saniyelerle kurtuldu\u011fu anlar ise g\u00fcvenlik kameras\u0131na anbean yans\u0131d\u0131.<br \/>\n<br \/>Kaza, saat 11.00 s\u0131ralar\u0131nda Pirimehmet Mahallesi Cumhuriyet Caddesi\u2019nde meydana geldi. Edinilen bilgilere g\u00f6re, ara sokaktan caddeye \u00e7\u0131kan hafif ticari ara\u00e7 ile cadde \u00fczerinde seyreden otomobil kafa kafaya \u00e7arp\u0131\u015ft\u0131. \u00c7arp\u0131\u015fman\u0131n etkisiyle savrulan iki ara\u00e7, kar\u015f\u0131 kald\u0131r\u0131mdaki \u00e7\u00f6p kovas\u0131na ve bir i\u015f yerine \u00e7arpt\u0131. O esnada kald\u0131r\u0131mda y\u00fcr\u00fcyen bir yaya, kontrolden \u00e7\u0131kan otomobilin alt\u0131nda kalmaktan k\u0131l pay\u0131 kurtuldu. \u00c7arpan arac\u0131n hasar verdi\u011fi i\u015f yeri sahibi, son bir y\u0131l i\u00e7inde benzer kazalar nedeniyle camlar\u0131n\u0131n defalarca zarar g\u00f6rd\u00fc\u011f\u00fcn\u00fc belirtti.<br \/>\n<br \/>Kaza an\u0131 g\u00fcvenlik kameras\u0131na saniye saniye yans\u0131d\u0131. G\u00f6r\u00fcnt\u00fclerde kald\u0131r\u0131mda telefonla konu\u015farak y\u00fcr\u00fcyen yayan\u0131n, yol ayr\u0131m\u0131na geldi\u011fi s\u0131rada \u00e7arp\u0131\u015fan ara\u00e7lar\u0131n alt\u0131nda kalmaktan saniyelerle kurtuldu\u011fu anlar yer ald\u0131. Kazayla ilgili inceleme ba\u015flat\u0131ld\u0131.<br \/><\/p>\n","protected":false},"excerpt":{"rendered":"<p>Isparta\u2019da hafif ticari ara\u00e7 ile otomobil \u00e7arp\u0131\u015ft\u0131. Kald\u0131r\u0131mda y\u00fcr\u00fcyen yayan\u0131n \u00e7arp\u0131\u015fan ara\u00e7lar\u0131n alt\u0131nda kalmaktan saniyelerle kurtuldu\u011fu anlar ise g\u00fcvenlik kameras\u0131na anbean yans\u0131d\u0131. Kaza, saat 11.00 s\u0131ralar\u0131nda Pirimehmet Mahallesi Cumhuriyet Caddesi\u2019nde meydana geldi. Edinilen bilgilere g\u00f6re, ara sokaktan caddeye \u00e7\u0131kan hafif ticari ara\u00e7 ile cadde \u00fczerinde seyreden otomobil kafa kafaya \u00e7arp\u0131\u015ft\u0131. \u00c7arp\u0131\u015fman\u0131n etkisiyle savrulan iki ara\u00e7,&#8230;<\/p>\n","protected":false},"author":1,"featured_media":14616,"comment_status":"open","ping_status":"open","sticky":false,"template":"","format":"standard","meta":{"_crdt_document":"","footnotes":""},"categories":[5],"tags":[],"class_list":["post-14615","post","type-post","status-publish","format-standard","has-post-thumbnail","hentry","category-asayis"],"_links":{"self":[{"href":"https:\/\/www.egemtv.com\/index.php?rest_route=\/wp\/v2\/posts\/14615","targetHints":{"allow":["GET"]}}],"collection":[{"href":"https:\/\/www.egemtv.com\/index.php?rest_route=\/wp\/v2\/posts"}],"about":[{"href":"https:\/\/www.egemtv.com\/index.php?rest_route=\/wp\/v2\/types\/post"}],"author":[{"embeddable":true,"href":"https:\/\/www.egemtv.com\/index.php?rest_route=\/wp\/v2\/users\/1"}],"replies":[{"embeddable":true,"href":"https:\/\/www.egemtv.com\/index.php?rest_route=%2Fwp%2Fv2%2Fcomments&post=14615"}],"version-history":[{"count":1,"href":"https:\/\/www.egemtv.com\/index.php?rest_route=\/wp\/v2\/posts\/14615\/revisions"}],"predecessor-version":[{"id":14617,"href":"https:\/\/www.egemtv.com\/index.php?rest_route=\/wp\/v2\/posts\/14615\/revisions\/14617"}],"wp:featuredmedia":[{"embeddable":true,"href":"https:\/\/www.egemtv.com\/index.php?rest_route=\/wp\/v2\/media\/14616"}],"wp:attachment":[{"href":"https:\/\/www.egemtv.com\/index.php?rest_route=%2Fwp%2Fv2%2Fmedia&parent=14615"}],"wp:term":[{"taxonomy":"category","embeddable":true,"href":"https:\/\/www.egemtv.com\/index.php?rest_route=%2Fwp%2Fv2%2Fcategories&post=14615"},{"taxonomy":"post_tag","embeddable":true,"href":"https:\/\/www.egemtv.com\/index.php?rest_route=%2Fwp%2Fv2%2Ftags&post=14615"}],"curies":[{"name":"wp","href":"https:\/\/api.w.org\/{rel}","templated":true}]}}