{"id":14609,"date":"2025-02-02T15:30:07","date_gmt":"2025-02-02T12:30:07","guid":{"rendered":"https:\/\/www.egemtv.com\/?p=14609"},"modified":"2025-02-02T15:30:11","modified_gmt":"2025-02-02T12:30:11","slug":"refujdeki-agaclara-carpip-hurdaya-donen-otomobilin-surucusu-hayatini-kaybetti","status":"publish","type":"post","link":"https:\/\/www.egemtv.com\/?p=14609","title":{"rendered":"Ref\u00fcjdeki a\u011fa\u00e7lara \u00e7arp\u0131p hurdaya d\u00f6nen otomobilin s\u00fcr\u00fcc\u00fcs\u00fc hayat\u0131n\u0131 kaybetti"},"content":{"rendered":"<p>Burdur\u2019un G\u00f6lhisar il\u00e7esinde ref\u00fcjdeki a\u011fa\u00e7lar\u0131 devirerek takla atan otomobilin s\u00fcr\u00fcc\u00fcs\u00fc hastanede hayat\u0131n\u0131 kaybetti.<br \/>\n<br \/>Kaza saat 05.30 s\u0131ralar\u0131nda G\u00f6lhisar il\u00e7esi Armutlu Mahallesi mezarl\u0131k mevkiinde meydana geldi. Edinilen bilgilere g\u00f6re Ali Akay (26) idaresindeki plakas\u0131 \u00f6\u011frenilemeyen Opel marka otomobil, s\u00fcr\u00fcc\u00fcs\u00fcn\u00fcn direksiyon hakimiyetini kaybetmesi sonucu kontrolden \u00e7\u0131karak ref\u00fcjdeki a\u011fa\u00e7lar\u0131 devirip takla att\u0131. Kazada ara\u00e7ta s\u0131k\u0131\u015fan Akay a\u011f\u0131r yaraland\u0131. \u00c7evredekilerin ihbar\u0131 \u00fczerine olay yerine itfaiye, sa\u011fl\u0131k ve polis ekipleri sevk edildi. Gelen itfaiye ekiplerinin \u00e7al\u0131\u015fmalar\u0131yla ara\u00e7tan \u00e7\u0131kar\u0131lan Akay sa\u011fl\u0131k ekiplerinin ilk m\u00fcdahalesinin ard\u0131ndan ambulansla G\u00f6lhisar Devlet Hastanesi\u2019ne kald\u0131r\u0131ld\u0131. Akay burada yap\u0131lan t\u00fcm m\u00fcdahalelere ra\u011fmen kurtar\u0131lamayarak hayat\u0131n\u0131 kaybetti. Kaza ile ilgili inceleme ba\u015flat\u0131ld\u0131.<br \/><\/p>\n","protected":false},"excerpt":{"rendered":"<p>Burdur\u2019un G\u00f6lhisar il\u00e7esinde ref\u00fcjdeki a\u011fa\u00e7lar\u0131 devirerek takla atan otomobilin s\u00fcr\u00fcc\u00fcs\u00fc hastanede hayat\u0131n\u0131 kaybetti. Kaza saat 05.30 s\u0131ralar\u0131nda G\u00f6lhisar il\u00e7esi Armutlu Mahallesi mezarl\u0131k mevkiinde meydana geldi. Edinilen bilgilere g\u00f6re Ali Akay (26) idaresindeki plakas\u0131 \u00f6\u011frenilemeyen Opel marka otomobil, s\u00fcr\u00fcc\u00fcs\u00fcn\u00fcn direksiyon hakimiyetini kaybetmesi sonucu kontrolden \u00e7\u0131karak ref\u00fcjdeki a\u011fa\u00e7lar\u0131 devirip takla att\u0131. Kazada ara\u00e7ta s\u0131k\u0131\u015fan Akay a\u011f\u0131r yaraland\u0131&#8230;.<\/p>\n","protected":false},"author":1,"featured_media":14610,"comment_status":"open","ping_status":"open","sticky":false,"template":"","format":"standard","meta":{"_crdt_document":"","footnotes":""},"categories":[5],"tags":[],"class_list":["post-14609","post","type-post","status-publish","format-standard","has-post-thumbnail","hentry","category-asayis"],"_links":{"self":[{"href":"https:\/\/www.egemtv.com\/index.php?rest_route=\/wp\/v2\/posts\/14609","targetHints":{"allow":["GET"]}}],"collection":[{"href":"https:\/\/www.egemtv.com\/index.php?rest_route=\/wp\/v2\/posts"}],"about":[{"href":"https:\/\/www.egemtv.com\/index.php?rest_route=\/wp\/v2\/types\/post"}],"author":[{"embeddable":true,"href":"https:\/\/www.egemtv.com\/index.php?rest_route=\/wp\/v2\/users\/1"}],"replies":[{"embeddable":true,"href":"https:\/\/www.egemtv.com\/index.php?rest_route=%2Fwp%2Fv2%2Fcomments&post=14609"}],"version-history":[{"count":1,"href":"https:\/\/www.egemtv.com\/index.php?rest_route=\/wp\/v2\/posts\/14609\/revisions"}],"predecessor-version":[{"id":14611,"href":"https:\/\/www.egemtv.com\/index.php?rest_route=\/wp\/v2\/posts\/14609\/revisions\/14611"}],"wp:featuredmedia":[{"embeddable":true,"href":"https:\/\/www.egemtv.com\/index.php?rest_route=\/wp\/v2\/media\/14610"}],"wp:attachment":[{"href":"https:\/\/www.egemtv.com\/index.php?rest_route=%2Fwp%2Fv2%2Fmedia&parent=14609"}],"wp:term":[{"taxonomy":"category","embeddable":true,"href":"https:\/\/www.egemtv.com\/index.php?rest_route=%2Fwp%2Fv2%2Fcategories&post=14609"},{"taxonomy":"post_tag","embeddable":true,"href":"https:\/\/www.egemtv.com\/index.php?rest_route=%2Fwp%2Fv2%2Ftags&post=14609"}],"curies":[{"name":"wp","href":"https:\/\/api.w.org\/{rel}","templated":true}]}}