{"id":14606,"date":"2025-02-02T15:30:00","date_gmt":"2025-02-02T12:30:00","guid":{"rendered":"https:\/\/www.egemtv.com\/?p=14606"},"modified":"2025-02-02T15:30:07","modified_gmt":"2025-02-02T12:30:07","slug":"aydinda-189-bin-ogrenci-icin-yarin-ders-zili-calacak","status":"publish","type":"post","link":"https:\/\/www.egemtv.com\/?p=14606","title":{"rendered":"Ayd\u0131n\u2019da 189 bin \u00f6\u011frenci i\u00e7in yar\u0131n ders zili \u00e7alacak"},"content":{"rendered":"<p>Ayd\u0131n\u2019da 2024-2025 e\u011fitim \u00f6\u011fretim y\u0131l\u0131 s\u00f6mestr tatilinin yar\u0131n sona ermesi ile birlikte 3 \u015eubat Pazartesi g\u00fcn\u00fc, il genelindeki 189 bin 372 \u00f6\u011frenci i\u00e7in ilk ders zili \u00e7alacak.<br \/>\n<br \/>\u00dclke genelinde oldu\u011fu gibi Ayd\u0131n\u2019da da 2024-25 E\u011fitim \u00d6\u011fretim y\u0131l\u0131nda s\u00f6mestr tatilinin sona ermesiyle birlikte binlerce \u00f6\u011frenci ikinci d\u00f6nem i\u00e7in okullara d\u00f6necek. \u0130l genelinde 878 okulda e\u011fitim g\u00f6ren 189 bin 372 \u00f6\u011frenci de yar\u0131n okullar\u0131na kavu\u015facak. Ge\u00e7ti\u011fimiz 17 Ocak Cuma g\u00fcn\u00fc karnelerini alarak s\u00f6mestr tatiline ba\u015flayan \u00f6\u011frenciler i\u00e7in 3 \u015eubat Pazartesi g\u00fcn\u00fc ilk ders zili \u00e7alacak. Ayr\u0131ca il genelindeki toplam 15 bin 727 \u00f6\u011fretmen de g\u00f6revlerine ba\u015flayacak.<br \/><\/p>\n","protected":false},"excerpt":{"rendered":"<p>Ayd\u0131n\u2019da 2024-2025 e\u011fitim \u00f6\u011fretim y\u0131l\u0131 s\u00f6mestr tatilinin yar\u0131n sona ermesi ile birlikte 3 \u015eubat Pazartesi g\u00fcn\u00fc, il genelindeki 189 bin 372 \u00f6\u011frenci i\u00e7in ilk ders zili \u00e7alacak. \u00dclke genelinde oldu\u011fu gibi Ayd\u0131n\u2019da da 2024-25 E\u011fitim \u00d6\u011fretim y\u0131l\u0131nda s\u00f6mestr tatilinin sona ermesiyle birlikte binlerce \u00f6\u011frenci ikinci d\u00f6nem i\u00e7in okullara d\u00f6necek. \u0130l genelinde 878 okulda e\u011fitim g\u00f6ren&#8230;<\/p>\n","protected":false},"author":1,"featured_media":14607,"comment_status":"open","ping_status":"open","sticky":false,"template":"","format":"standard","meta":{"_crdt_document":"","footnotes":""},"categories":[1],"tags":[],"class_list":["post-14606","post","type-post","status-publish","format-standard","has-post-thumbnail","hentry","category-guncel"],"_links":{"self":[{"href":"https:\/\/www.egemtv.com\/index.php?rest_route=\/wp\/v2\/posts\/14606","targetHints":{"allow":["GET"]}}],"collection":[{"href":"https:\/\/www.egemtv.com\/index.php?rest_route=\/wp\/v2\/posts"}],"about":[{"href":"https:\/\/www.egemtv.com\/index.php?rest_route=\/wp\/v2\/types\/post"}],"author":[{"embeddable":true,"href":"https:\/\/www.egemtv.com\/index.php?rest_route=\/wp\/v2\/users\/1"}],"replies":[{"embeddable":true,"href":"https:\/\/www.egemtv.com\/index.php?rest_route=%2Fwp%2Fv2%2Fcomments&post=14606"}],"version-history":[{"count":1,"href":"https:\/\/www.egemtv.com\/index.php?rest_route=\/wp\/v2\/posts\/14606\/revisions"}],"predecessor-version":[{"id":14608,"href":"https:\/\/www.egemtv.com\/index.php?rest_route=\/wp\/v2\/posts\/14606\/revisions\/14608"}],"wp:featuredmedia":[{"embeddable":true,"href":"https:\/\/www.egemtv.com\/index.php?rest_route=\/wp\/v2\/media\/14607"}],"wp:attachment":[{"href":"https:\/\/www.egemtv.com\/index.php?rest_route=%2Fwp%2Fv2%2Fmedia&parent=14606"}],"wp:term":[{"taxonomy":"category","embeddable":true,"href":"https:\/\/www.egemtv.com\/index.php?rest_route=%2Fwp%2Fv2%2Fcategories&post=14606"},{"taxonomy":"post_tag","embeddable":true,"href":"https:\/\/www.egemtv.com\/index.php?rest_route=%2Fwp%2Fv2%2Ftags&post=14606"}],"curies":[{"name":"wp","href":"https:\/\/api.w.org\/{rel}","templated":true}]}}