{"id":14603,"date":"2025-02-02T15:22:14","date_gmt":"2025-02-02T12:22:14","guid":{"rendered":"https:\/\/www.egemtv.com\/?p=14603"},"modified":"2025-02-02T15:22:20","modified_gmt":"2025-02-02T12:22:20","slug":"aydinda-en-dusuk-cay-fiyati-135-tl-oldu","status":"publish","type":"post","link":"https:\/\/www.egemtv.com\/?p=14603","title":{"rendered":"Ayd\u0131n\u2019da en d\u00fc\u015f\u00fck \u00e7ay fiyat\u0131 13,5 TL oldu"},"content":{"rendered":"<p>Ayd\u0131n\u2019\u0131n Efeler il\u00e7esinde geleneksel i\u00e7eceklerden olan \u00e7aya zam gelirken, \u00e7ay ocaklar\u0131nda 13,5 TL olan \u00e7ay, kahvehanelerde 15 TL oldu.<br \/>\n<br \/>G\u00fcnl\u00fck ya\u015fant\u0131n\u0131n vazge\u00e7ilmezlerinden olan \u00e7aya bu hafta itibariyle yeni bir zam geldi. Ayd\u0131n\u2019\u0131n Efeler il\u00e7esinde Kahveciler Odas\u0131 taraf\u0131ndan haz\u0131rlanan yeni fiyat listesi \u00e7ay oca\u011f\u0131 ve kahvehane i\u015fletmelerine teslim edildi. Bug\u00fcne kadar \u00e7ay ocaklar\u0131nda 9 TL\u2019ye sat\u0131lan \u00e7ay, 13,5 TL, kahvehanelerde 10 TL\u2019ye sat\u0131lan \u00e7ay ise 15 TL oldu. Yine vazge\u00e7ilmez lezzetlerden olan T\u00fcrk Kahvesi ise 40 TL oldu.<br \/><\/p>\n","protected":false},"excerpt":{"rendered":"<p>Ayd\u0131n\u2019\u0131n Efeler il\u00e7esinde geleneksel i\u00e7eceklerden olan \u00e7aya zam gelirken, \u00e7ay ocaklar\u0131nda 13,5 TL olan \u00e7ay, kahvehanelerde 15 TL oldu. G\u00fcnl\u00fck ya\u015fant\u0131n\u0131n vazge\u00e7ilmezlerinden olan \u00e7aya bu hafta itibariyle yeni bir zam geldi. Ayd\u0131n\u2019\u0131n Efeler il\u00e7esinde Kahveciler Odas\u0131 taraf\u0131ndan haz\u0131rlanan yeni fiyat listesi \u00e7ay oca\u011f\u0131 ve kahvehane i\u015fletmelerine teslim edildi. Bug\u00fcne kadar \u00e7ay ocaklar\u0131nda 9 TL\u2019ye sat\u0131lan&#8230;<\/p>\n","protected":false},"author":1,"featured_media":14604,"comment_status":"open","ping_status":"open","sticky":false,"template":"","format":"standard","meta":{"_crdt_document":"","footnotes":""},"categories":[125],"tags":[],"class_list":["post-14603","post","type-post","status-publish","format-standard","has-post-thumbnail","hentry","category-ekonomi"],"_links":{"self":[{"href":"https:\/\/www.egemtv.com\/index.php?rest_route=\/wp\/v2\/posts\/14603","targetHints":{"allow":["GET"]}}],"collection":[{"href":"https:\/\/www.egemtv.com\/index.php?rest_route=\/wp\/v2\/posts"}],"about":[{"href":"https:\/\/www.egemtv.com\/index.php?rest_route=\/wp\/v2\/types\/post"}],"author":[{"embeddable":true,"href":"https:\/\/www.egemtv.com\/index.php?rest_route=\/wp\/v2\/users\/1"}],"replies":[{"embeddable":true,"href":"https:\/\/www.egemtv.com\/index.php?rest_route=%2Fwp%2Fv2%2Fcomments&post=14603"}],"version-history":[{"count":1,"href":"https:\/\/www.egemtv.com\/index.php?rest_route=\/wp\/v2\/posts\/14603\/revisions"}],"predecessor-version":[{"id":14605,"href":"https:\/\/www.egemtv.com\/index.php?rest_route=\/wp\/v2\/posts\/14603\/revisions\/14605"}],"wp:featuredmedia":[{"embeddable":true,"href":"https:\/\/www.egemtv.com\/index.php?rest_route=\/wp\/v2\/media\/14604"}],"wp:attachment":[{"href":"https:\/\/www.egemtv.com\/index.php?rest_route=%2Fwp%2Fv2%2Fmedia&parent=14603"}],"wp:term":[{"taxonomy":"category","embeddable":true,"href":"https:\/\/www.egemtv.com\/index.php?rest_route=%2Fwp%2Fv2%2Fcategories&post=14603"},{"taxonomy":"post_tag","embeddable":true,"href":"https:\/\/www.egemtv.com\/index.php?rest_route=%2Fwp%2Fv2%2Ftags&post=14603"}],"curies":[{"name":"wp","href":"https:\/\/api.w.org\/{rel}","templated":true}]}}