{"id":14600,"date":"2025-02-02T15:19:17","date_gmt":"2025-02-02T12:19:17","guid":{"rendered":"https:\/\/www.egemtv.com\/?p=14600"},"modified":"2025-02-02T15:19:22","modified_gmt":"2025-02-02T12:19:22","slug":"yariyil-tatilinde-termal-turizme-ilgi","status":"publish","type":"post","link":"https:\/\/www.egemtv.com\/?p=14600","title":{"rendered":"Yar\u0131y\u0131l tatilinde termal turizme ilgi"},"content":{"rendered":"<p>K\u00fctahya\u2019n\u0131n termal b\u00f6lgesi Il\u0131ca, yar\u0131y\u0131l tatilinde tatilcilerin ilgi oda\u011f\u0131 oldu.<br \/>\n<br \/>Do\u011fal g\u00fczellikleriyle \u00fcnl\u00fc Termal b\u00f6lgesi Il\u0131ca yar\u0131y\u0131l tatilinde \u0130stanbul, Bursa ve Eski\u015fehir gibi \u00e7evre illerden gelen tatilcilerin tercihi oldu. B\u00f6lgedeki termal tesislerde doluluk oran\u0131 y\u00fczde y\u00fcze yakla\u015ft\u0131. Halkla \u0130li\u015fkiler M\u00fcd\u00fcr\u00fc \u0130layda Savran, tesislerin y\u00fczme havuzu, hamam ve sauna hizmeti verdiklerini s\u00f6mestir tatilinde \u00f6\u011frenci ve velilerine hizmet verdiklerini ifade etti. Tesislerde doluluk oran\u0131n\u0131n y\u00fczde y\u00fcze yakla\u015ft\u0131\u011f\u0131n\u0131 belirten Savran, &#8220;Bilindi\u011fi gibi, Il\u0131ca\u2019n\u0131n termal suyu, ba\u015fta b\u00f6brek ta\u015flar\u0131ndan cilt hastal\u0131klar\u0131na, sedef hastal\u0131\u011f\u0131ndan kire\u00e7lenmeye kadar bir\u00e7ok farkl\u0131 sa\u011fl\u0131k sorununda olumlu etkiler g\u00f6sterdi\u011fi bilimsel olarak da ispatlanm\u0131\u015ft\u0131r. Tesislerimiz \u0130stanbul, Bursa ve Eski\u015fehir gibi illerin ortak noktas\u0131nda oldu\u011fu i\u00e7in misafirlerimiz buray\u0131 tercih ediyor. S\u00f6mestir tatilinde misafirlerimiz \u00e7ocuklar\u0131yla buraya gelip oksijeninden yararlan\u0131p y\u00fcr\u00fcy\u00fc\u015f yapt\u0131lar&#8221; diye konu\u015ftu.<br \/>\n<br \/>T\u00fcrkiye\u2019de hava s\u0131cakl\u0131klar\u0131n\u0131n mevsim normallerinin \u00fczerinde seyretmesi ve beklenen kar ya\u011f\u0131\u015f\u0131n\u0131n da ger\u00e7ekle\u015fmemesinden dolay\u0131, vatanda\u015flar\u0131n tatil tercihlerini termal otellere kayd\u0131rd\u0131\u011f\u0131n\u0131 ifade etti. S\u00f6mestir tatilini K\u00fctahya Il\u0131ca\u2019da ge\u00e7iren vatanda\u015flar ise, termal ve do\u011fa ile tatil yapman\u0131n huzurunu ya\u015fad\u0131klar\u0131n\u0131 dile getirdi.<br \/><\/p>\n","protected":false},"excerpt":{"rendered":"<p>K\u00fctahya\u2019n\u0131n termal b\u00f6lgesi Il\u0131ca, yar\u0131y\u0131l tatilinde tatilcilerin ilgi oda\u011f\u0131 oldu. Do\u011fal g\u00fczellikleriyle \u00fcnl\u00fc Termal b\u00f6lgesi Il\u0131ca yar\u0131y\u0131l tatilinde \u0130stanbul, Bursa ve Eski\u015fehir gibi \u00e7evre illerden gelen tatilcilerin tercihi oldu. B\u00f6lgedeki termal tesislerde doluluk oran\u0131 y\u00fczde y\u00fcze yakla\u015ft\u0131. Halkla \u0130li\u015fkiler M\u00fcd\u00fcr\u00fc \u0130layda Savran, tesislerin y\u00fczme havuzu, hamam ve sauna hizmeti verdiklerini s\u00f6mestir tatilinde \u00f6\u011frenci ve velilerine&#8230;<\/p>\n","protected":false},"author":1,"featured_media":14601,"comment_status":"open","ping_status":"open","sticky":false,"template":"","format":"standard","meta":{"_crdt_document":"","footnotes":""},"categories":[1],"tags":[],"class_list":["post-14600","post","type-post","status-publish","format-standard","has-post-thumbnail","hentry","category-guncel"],"_links":{"self":[{"href":"https:\/\/www.egemtv.com\/index.php?rest_route=\/wp\/v2\/posts\/14600","targetHints":{"allow":["GET"]}}],"collection":[{"href":"https:\/\/www.egemtv.com\/index.php?rest_route=\/wp\/v2\/posts"}],"about":[{"href":"https:\/\/www.egemtv.com\/index.php?rest_route=\/wp\/v2\/types\/post"}],"author":[{"embeddable":true,"href":"https:\/\/www.egemtv.com\/index.php?rest_route=\/wp\/v2\/users\/1"}],"replies":[{"embeddable":true,"href":"https:\/\/www.egemtv.com\/index.php?rest_route=%2Fwp%2Fv2%2Fcomments&post=14600"}],"version-history":[{"count":1,"href":"https:\/\/www.egemtv.com\/index.php?rest_route=\/wp\/v2\/posts\/14600\/revisions"}],"predecessor-version":[{"id":14602,"href":"https:\/\/www.egemtv.com\/index.php?rest_route=\/wp\/v2\/posts\/14600\/revisions\/14602"}],"wp:featuredmedia":[{"embeddable":true,"href":"https:\/\/www.egemtv.com\/index.php?rest_route=\/wp\/v2\/media\/14601"}],"wp:attachment":[{"href":"https:\/\/www.egemtv.com\/index.php?rest_route=%2Fwp%2Fv2%2Fmedia&parent=14600"}],"wp:term":[{"taxonomy":"category","embeddable":true,"href":"https:\/\/www.egemtv.com\/index.php?rest_route=%2Fwp%2Fv2%2Fcategories&post=14600"},{"taxonomy":"post_tag","embeddable":true,"href":"https:\/\/www.egemtv.com\/index.php?rest_route=%2Fwp%2Fv2%2Ftags&post=14600"}],"curies":[{"name":"wp","href":"https:\/\/api.w.org\/{rel}","templated":true}]}}